{"id":15844,"date":"2025-08-27T19:10:50","date_gmt":"2025-08-27T23:10:50","guid":{"rendered":"https:\/\/www.laprovidenciarecoleta.cl\/inicio\/?p=15844"},"modified":"2025-08-27T19:10:50","modified_gmt":"2025-08-27T23:10:50","slug":"operativo-de-salud-en-policlinico-el-salto","status":"publish","type":"post","link":"http:\/\/www.laprovidenciarecoleta.cl\/inicio\/operativo-de-salud-en-policlinico-el-salto\/","title":{"rendered":"Operativo de Salud en policl\u00ednico El Salto"},"content":{"rendered":"<p>A nuestros padres, madres y apoderados entregamos la siguiente informaci\u00f3n:<\/p>\n<p>La Escuela San Jos\u00e9 mantiene un convenio de colaboraci\u00f3n mutua \u00a0con el Policl\u00ednico El Salto (Antonia Prado 199, Recoleta) quien nos informa que el <strong><u>d\u00eda\u00a0 s\u00e1bado 13 de septiembre 2025<\/u><\/strong> \u00a0se realizar\u00e1 un Operativo de atenci\u00f3n m\u00e9dica,<strong><u> COSTO CERO<\/u><\/strong>. Atender\u00e1n diferentes profesionales.<\/p>\n<p>Las especialidades son:<\/p>\n<p>1.-Ginec\u00f3logo<\/p>\n<p>2.-Dermat\u00f3logo<\/p>\n<p>3.-Traumat\u00f3logo<\/p>\n<p>4.-Reumat\u00f3logo<\/p>\n<p>Otro: Ecograf\u00edas a bajo costo: lunes y martes<\/p>\n<p>&nbsp;<\/p>\n<table>\n<tbody>\n<tr>\n<td width=\"589\">&nbsp;<\/p>\n<p><strong>Usted debe llamar para agendar hora de atenci\u00f3n:<\/strong><\/p>\n<p><strong>\u00a0<\/strong><\/p>\n<p><strong>F:226215763<\/strong><\/p>\n<p><strong>+569 38814742 (WhatsApp)<\/strong><\/p>\n<p><strong>\u00a0<\/strong><\/p>\n<p>&nbsp;<\/td>\n<\/tr>\n<\/tbody>\n<\/table>\n<p><strong>En el mes de la Providencia:<\/strong><\/p>\n<p><u>&#8220;<strong>ANIM\u00c9MONOS EN EL CAMINO DEL BIEN&#8221;<\/strong><\/u><\/p>\n<p><strong>Madre Bernarda Morin<\/strong><\/p>\n<p>&nbsp;<\/p>\n","protected":false},"excerpt":{"rendered":"<p>A nuestros padres, madres y apoderados entregamos la siguiente informaci\u00f3n: La Escuela San Jos\u00e9 mantiene un convenio de colaboraci\u00f3n mutua \u00a0con el Policl\u00ednico El Salto (Antonia Prado 199, Recoleta) quien nos informa que el d\u00eda\u00a0 s\u00e1bado 13 de septiembre 2025 \u00a0se realizar\u00e1 un Operativo de atenci\u00f3n m\u00e9dica, COSTO CERO. Atender\u00e1n diferentes profesionales. Las especialidades son: 1.-Ginec\u00f3logo 2.-Dermat\u00f3logo 3.-Traumat\u00f3logo 4.-Reumat\u00f3logo Otro:&nbsp;<a href=\"http:\/\/www.laprovidenciarecoleta.cl\/inicio\/operativo-de-salud-en-policlinico-el-salto\/\">&hellip;<\/a><\/p>\n","protected":false},"author":6,"featured_media":4450,"comment_status":"closed","ping_status":"closed","sticky":false,"template":"","format":"standard","meta":{"footnotes":""},"categories":[113],"tags":[],"_links":{"self":[{"href":"http:\/\/www.laprovidenciarecoleta.cl\/inicio\/wp-json\/wp\/v2\/posts\/15844"}],"collection":[{"href":"http:\/\/www.laprovidenciarecoleta.cl\/inicio\/wp-json\/wp\/v2\/posts"}],"about":[{"href":"http:\/\/www.laprovidenciarecoleta.cl\/inicio\/wp-json\/wp\/v2\/types\/post"}],"author":[{"embeddable":true,"href":"http:\/\/www.laprovidenciarecoleta.cl\/inicio\/wp-json\/wp\/v2\/users\/6"}],"replies":[{"embeddable":true,"href":"http:\/\/www.laprovidenciarecoleta.cl\/inicio\/wp-json\/wp\/v2\/comments?post=15844"}],"version-history":[{"count":1,"href":"http:\/\/www.laprovidenciarecoleta.cl\/inicio\/wp-json\/wp\/v2\/posts\/15844\/revisions"}],"predecessor-version":[{"id":15845,"href":"http:\/\/www.laprovidenciarecoleta.cl\/inicio\/wp-json\/wp\/v2\/posts\/15844\/revisions\/15845"}],"wp:featuredmedia":[{"embeddable":true,"href":"http:\/\/www.laprovidenciarecoleta.cl\/inicio\/wp-json\/wp\/v2\/media\/4450"}],"wp:attachment":[{"href":"http:\/\/www.laprovidenciarecoleta.cl\/inicio\/wp-json\/wp\/v2\/media?parent=15844"}],"wp:term":[{"taxonomy":"category","embeddable":true,"href":"http:\/\/www.laprovidenciarecoleta.cl\/inicio\/wp-json\/wp\/v2\/categories?post=15844"},{"taxonomy":"post_tag","embeddable":true,"href":"http:\/\/www.laprovidenciarecoleta.cl\/inicio\/wp-json\/wp\/v2\/tags?post=15844"}],"curies":[{"name":"wp","href":"https:\/\/api.w.org\/{rel}","templated":true}]}}