{"id":15841,"date":"2025-08-27T18:59:05","date_gmt":"2025-08-27T22:59:05","guid":{"rendered":"https:\/\/www.laprovidenciarecoleta.cl\/inicio\/?p=15841"},"modified":"2025-08-27T19:00:13","modified_gmt":"2025-08-27T23:00:13","slug":"aviso-cambio-de-fecha-de-ramada-familiar","status":"publish","type":"post","link":"http:\/\/www.laprovidenciarecoleta.cl\/inicio\/aviso-cambio-de-fecha-de-ramada-familiar\/","title":{"rendered":"Cambio de fecha de ramada familiar"},"content":{"rendered":"<p>Comunicado Importante: Cambio de Fecha Ramada Escuela San Jos\u00e9<\/p>\n<p>&nbsp;<\/p>\n<p>Estimada comunidad de la Escuela San Jos\u00e9,<\/p>\n<p>Por medio del presente, informamos a ustedes sobre el cambio en la fecha de nuestra tradicional actividad de Ramada,debido a un corte de suministro de agua programado por Aguas Andinas, que afectar\u00e1 a nuestro sector desde el 5 de septiembre hasta el 7 de septiembre, nos hemos visto en la obligaci\u00f3n de reprogramar el evento, para garantizar el correcto desarrollo y la comodidad de todos los asistentes.<\/p>\n<p>La nueva fecha para la realizaci\u00f3n de la ramada de la Escuela San Jos\u00e9 ser\u00e1 el <strong>S\u00e1bado 4 de octubre<\/strong>, desde las 11:00 hrs hasta las 20:00 hrs.<\/p>\n<p>Lamentamos cualquier inconveniente que esta modificaci\u00f3n pudiera ocasionar y agradecemos su comprensi\u00f3n. Esperamos contar con su valiosa presencia en la nueva fecha para disfrutar juntos de esta esperada celebraci\u00f3n.<\/p>\n<p>&nbsp;<\/p>\n<p>Atentamente,<\/p>\n<p style=\"text-align: center;\">\u00a0Direcci\u00f3n<\/p>\n","protected":false},"excerpt":{"rendered":"<p>Comunicado Importante: Cambio de Fecha Ramada Escuela San Jos\u00e9 &nbsp; Estimada comunidad de la Escuela San Jos\u00e9, Por medio del presente, informamos a ustedes sobre el cambio en la fecha de nuestra tradicional actividad de Ramada,debido a un corte de suministro de agua programado por Aguas Andinas, que afectar\u00e1 a nuestro sector desde el 5 de septiembre hasta el 7&nbsp;<a href=\"http:\/\/www.laprovidenciarecoleta.cl\/inicio\/aviso-cambio-de-fecha-de-ramada-familiar\/\">&hellip;<\/a><\/p>\n","protected":false},"author":6,"featured_media":4450,"comment_status":"closed","ping_status":"closed","sticky":false,"template":"","format":"standard","meta":{"footnotes":""},"categories":[113],"tags":[],"_links":{"self":[{"href":"http:\/\/www.laprovidenciarecoleta.cl\/inicio\/wp-json\/wp\/v2\/posts\/15841"}],"collection":[{"href":"http:\/\/www.laprovidenciarecoleta.cl\/inicio\/wp-json\/wp\/v2\/posts"}],"about":[{"href":"http:\/\/www.laprovidenciarecoleta.cl\/inicio\/wp-json\/wp\/v2\/types\/post"}],"author":[{"embeddable":true,"href":"http:\/\/www.laprovidenciarecoleta.cl\/inicio\/wp-json\/wp\/v2\/users\/6"}],"replies":[{"embeddable":true,"href":"http:\/\/www.laprovidenciarecoleta.cl\/inicio\/wp-json\/wp\/v2\/comments?post=15841"}],"version-history":[{"count":2,"href":"http:\/\/www.laprovidenciarecoleta.cl\/inicio\/wp-json\/wp\/v2\/posts\/15841\/revisions"}],"predecessor-version":[{"id":15843,"href":"http:\/\/www.laprovidenciarecoleta.cl\/inicio\/wp-json\/wp\/v2\/posts\/15841\/revisions\/15843"}],"wp:featuredmedia":[{"embeddable":true,"href":"http:\/\/www.laprovidenciarecoleta.cl\/inicio\/wp-json\/wp\/v2\/media\/4450"}],"wp:attachment":[{"href":"http:\/\/www.laprovidenciarecoleta.cl\/inicio\/wp-json\/wp\/v2\/media?parent=15841"}],"wp:term":[{"taxonomy":"category","embeddable":true,"href":"http:\/\/www.laprovidenciarecoleta.cl\/inicio\/wp-json\/wp\/v2\/categories?post=15841"},{"taxonomy":"post_tag","embeddable":true,"href":"http:\/\/www.laprovidenciarecoleta.cl\/inicio\/wp-json\/wp\/v2\/tags?post=15841"}],"curies":[{"name":"wp","href":"https:\/\/api.w.org\/{rel}","templated":true}]}}