{"id":15666,"date":"2025-05-17T10:11:11","date_gmt":"2025-05-17T14:11:11","guid":{"rendered":"https:\/\/www.laprovidenciarecoleta.cl\/inicio\/?p=15666"},"modified":"2025-05-30T17:49:50","modified_gmt":"2025-05-30T21:49:50","slug":"estudiantes-de-7-y-8-participan-en-el-campeonato-escolar-de-matematica-cmat","status":"publish","type":"post","link":"http:\/\/www.laprovidenciarecoleta.cl\/inicio\/estudiantes-de-7-y-8-participan-en-el-campeonato-escolar-de-matematica-cmat\/","title":{"rendered":"Estudiantes de 7\u00b0 y 8\u00b0 participan en el Campeonato Escolar de Matem\u00e1tica CMAT"},"content":{"rendered":"<p data-sourcepos=\"1:1-1:421\">Diez estudiantes de 7\u00b0 y 8\u00b0 b\u00e1sico de nuestra comunidad educativa est\u00e1n participando con gran entusiasmo en la competencia nacional de matem\u00e1tica <strong>CMAT<\/strong>. Esta iniciativa es liderada por el <strong>Departamento de Matem\u00e1tica y Ciencia de la Computaci\u00f3n de la Universidad de Santiago de Chile (Usach)<\/strong> y cuenta con la colaboraci\u00f3n de otras 17 universidades a lo largo de Chile, abarcando desde Arica hasta Punta Arenas.<\/p>\n<p data-sourcepos=\"3:1-3:373\">El campeonato CMAT este a\u00f1o, convoc\u00f3 a cerca de 7.500 estudiantes de 270 establecimientos educacionales del pa\u00eds. Este\u00a0 importante torneo\u00a0 se consolida como una de las iniciativas m\u00e1s importantes para estimular el razonamiento matem\u00e1tico, el pensamiento l\u00f3gico, el trabajo en equipo y el desarrollo de habilidades de resoluci\u00f3n de problemas en un ambiente educativo desafiante y enriquecedor.<\/p>\n<p data-sourcepos=\"5:1-5:367\">Para nuestros estudiantes, esta experiencia representa una valiosa oportunidad para explorar nuevos desaf\u00edos, fortalecer sus habilidades matem\u00e1ticas y reforzar su compromiso con el aprendizaje. Agradecemos profundamente el apoyo de los apoderados, quienes desempe\u00f1an un rol fundamental al motivar y acompa\u00f1ar a sus hijos en este importante camino que reci\u00e9n comienza.<\/p>\n<p>&nbsp;<\/p>\n<p>Fechas del campeonato<\/p>\n<table>\n<tbody>\n<tr>\n<td width=\"196\"><strong>Prueba<\/strong><\/td>\n<td width=\"191\"><strong>Fecha<\/strong><\/td>\n<td width=\"201\"><strong>Sede<\/strong><\/td>\n<\/tr>\n<tr>\n<td width=\"196\">Primera<\/td>\n<td width=\"191\">26 de abril<\/td>\n<td width=\"201\">USACH<\/td>\n<\/tr>\n<tr>\n<td width=\"196\">Segunda<\/td>\n<td width=\"191\">17 de mayo<\/td>\n<td width=\"201\">USACH<\/td>\n<\/tr>\n<tr>\n<td width=\"196\">Tercera<\/td>\n<td width=\"191\">14 de junio<\/td>\n<td width=\"201\">U. CAT\u00d3LICA DE SAN JOAQU\u00cdN<\/td>\n<\/tr>\n<tr>\n<td width=\"196\">Cuarta<\/td>\n<td width=\"191\">09 de agosto<\/td>\n<td width=\"201\">U. FEDERICO STA MAR\u00cdA<\/td>\n<\/tr>\n<tr>\n<td width=\"196\">Recuperativa<\/td>\n<td width=\"191\">06 de septiembre<\/td>\n<td width=\"201\">CAMPUS BEAUCHEF<\/td>\n<\/tr>\n<tr>\n<td width=\"196\">Ceremonia de Premiaci\u00f3n<\/td>\n<td width=\"191\">Semana del 24 de noviembre<\/td>\n<td width=\"201\">SANTIAGO<\/td>\n<\/tr>\n<\/tbody>\n<\/table>\n<p>&nbsp;<\/p>\n<p style=\"text-align: center;\"><em>Cynthia Jara\u00a0<\/em><\/p>\n<p style=\"text-align: center;\"><em>Profesora de Matem\u00e1tica\u00a0<\/em><\/p>\n<p style=\"text-align: center;\"><em>Escuela San Jos\u00e9\u00a0<\/em><\/p>\n","protected":false},"excerpt":{"rendered":"<p>Diez estudiantes de 7\u00b0 y 8\u00b0 b\u00e1sico de nuestra comunidad educativa est\u00e1n participando con gran entusiasmo en la competencia nacional de matem\u00e1tica CMAT. Esta iniciativa es liderada por el Departamento de Matem\u00e1tica y Ciencia de la Computaci\u00f3n de la Universidad de Santiago de Chile (Usach) y cuenta con la colaboraci\u00f3n de otras 17 universidades a lo largo de Chile, abarcando&nbsp;<a href=\"http:\/\/www.laprovidenciarecoleta.cl\/inicio\/estudiantes-de-7-y-8-participan-en-el-campeonato-escolar-de-matematica-cmat\/\">&hellip;<\/a><\/p>\n","protected":false},"author":6,"featured_media":15668,"comment_status":"closed","ping_status":"closed","sticky":false,"template":"","format":"standard","meta":{"footnotes":""},"categories":[16],"tags":[],"_links":{"self":[{"href":"http:\/\/www.laprovidenciarecoleta.cl\/inicio\/wp-json\/wp\/v2\/posts\/15666"}],"collection":[{"href":"http:\/\/www.laprovidenciarecoleta.cl\/inicio\/wp-json\/wp\/v2\/posts"}],"about":[{"href":"http:\/\/www.laprovidenciarecoleta.cl\/inicio\/wp-json\/wp\/v2\/types\/post"}],"author":[{"embeddable":true,"href":"http:\/\/www.laprovidenciarecoleta.cl\/inicio\/wp-json\/wp\/v2\/users\/6"}],"replies":[{"embeddable":true,"href":"http:\/\/www.laprovidenciarecoleta.cl\/inicio\/wp-json\/wp\/v2\/comments?post=15666"}],"version-history":[{"count":3,"href":"http:\/\/www.laprovidenciarecoleta.cl\/inicio\/wp-json\/wp\/v2\/posts\/15666\/revisions"}],"predecessor-version":[{"id":15688,"href":"http:\/\/www.laprovidenciarecoleta.cl\/inicio\/wp-json\/wp\/v2\/posts\/15666\/revisions\/15688"}],"wp:featuredmedia":[{"embeddable":true,"href":"http:\/\/www.laprovidenciarecoleta.cl\/inicio\/wp-json\/wp\/v2\/media\/15668"}],"wp:attachment":[{"href":"http:\/\/www.laprovidenciarecoleta.cl\/inicio\/wp-json\/wp\/v2\/media?parent=15666"}],"wp:term":[{"taxonomy":"category","embeddable":true,"href":"http:\/\/www.laprovidenciarecoleta.cl\/inicio\/wp-json\/wp\/v2\/categories?post=15666"},{"taxonomy":"post_tag","embeddable":true,"href":"http:\/\/www.laprovidenciarecoleta.cl\/inicio\/wp-json\/wp\/v2\/tags?post=15666"}],"curies":[{"name":"wp","href":"https:\/\/api.w.org\/{rel}","templated":true}]}}