{"id":15661,"date":"2025-05-09T20:01:12","date_gmt":"2025-05-10T00:01:12","guid":{"rendered":"https:\/\/www.laprovidenciarecoleta.cl\/inicio\/?p=15661"},"modified":"2025-05-10T20:06:08","modified_gmt":"2025-05-11T00:06:08","slug":"escuela-san-jose-recibe-certificacion-ambiental-de-nivel-basico-en-solemne-ceremonia","status":"publish","type":"post","link":"http:\/\/www.laprovidenciarecoleta.cl\/inicio\/escuela-san-jose-recibe-certificacion-ambiental-de-nivel-basico-en-solemne-ceremonia\/","title":{"rendered":"Escuela San Jos\u00e9 recibe Certificaci\u00f3n Ambiental de Nivel B\u00e1sico en Solemne Ceremonia"},"content":{"rendered":"<p>La Escuela San Jos\u00e9 celebr\u00f3 un importante logro en su compromiso con el medio ambiente al recibir la <strong>Certificaci\u00f3n Ambiental para Establecimientos Educativos<\/strong> en su nivel B\u00e1sico. La solemne ceremonia de entrega se llev\u00f3 a cabo el pasado viernes 25 de abril en el Aula Magna de la Universidad de Santiago.<\/p>\n<p>Al evento asisti\u00f3 nuestro director Rodrigo Arancibia, la profesora Josefina Artasa, y dos estudiantes de 7\u00b0 b\u00e1sico, integrantes de la Brigada Ecol\u00f3gica Escolar 2025, Nicol\u00e1s Manriquez y Agust\u00edn Fortini, representantes de nuestra comunidad. Este reconocimiento subraya el trabajo y la dedicaci\u00f3n de nuestra escuela en la implementaci\u00f3n de pr\u00e1cticas sostenibles y la promoci\u00f3n de la conciencia ambiental en nuestra comunidad.<\/p>\n<p>Esta certificaci\u00f3n de nivel B\u00e1sico es un hito significativo para nuestra escuela, es el primer paso firme en nuestro compromiso continuo con el cuidado y la protecci\u00f3n de nuestro planeta y la vida. Estamos orgullosos del esfuerzo de nuestros estudiantes, profesores y de toda la comunidad educativa para alcanzar este logro.<\/p>\n<p>Este reconocimiento nos motiva a seguir profundizando nuestras acciones en favor del medio ambiente. Queremos que nuestros estudiantes no solo aprendan sobre la importancia de la sostenibilidad, sino que tambi\u00e9n se conviertan en agentes de cambio en sus hogares y en la comunidad.<\/p>\n<p>La obtenci\u00f3n de esta certificaci\u00f3n es un reflejo del compromiso de la Escuela San Jos\u00e9 con la formaci\u00f3n de ciudadanos conscientes y responsables con su entorno. Este logro marca el inicio de un camino que la instituci\u00f3n espera seguir transitando, avanzando hacia niveles superiores de certificaci\u00f3n y consolidando una cultura de respeto y cuidado por el medio ambiente.<\/p>\n<p><a href=\"http:\/\/www.laprovidenciarecoleta.cl\/inicio\/wp-content\/uploads\/2025\/05\/Certificacion-1-scaled.jpg\"><img loading=\"lazy\" decoding=\"async\" class=\"aligncenter size-large wp-image-15662\" src=\"http:\/\/www.laprovidenciarecoleta.cl\/inicio\/wp-content\/uploads\/2025\/05\/Certificacion-1-scaled-1024x460.jpg\" alt=\"\" width=\"1024\" height=\"460\" srcset=\"http:\/\/www.laprovidenciarecoleta.cl\/inicio\/wp-content\/uploads\/2025\/05\/Certificacion-1-scaled-1024x460.jpg 1024w, http:\/\/www.laprovidenciarecoleta.cl\/inicio\/wp-content\/uploads\/2025\/05\/Certificacion-1-scaled-300x135.jpg 300w\" sizes=\"(max-width: 1024px) 100vw, 1024px\" \/><\/a> <a href=\"http:\/\/www.laprovidenciarecoleta.cl\/inicio\/wp-content\/uploads\/2025\/05\/Certificacion-3-scaled.jpg\"><img loading=\"lazy\" decoding=\"async\" class=\"aligncenter size-large wp-image-15664\" src=\"http:\/\/www.laprovidenciarecoleta.cl\/inicio\/wp-content\/uploads\/2025\/05\/Certificacion-3-scaled-1024x460.jpg\" alt=\"\" width=\"1024\" height=\"460\" srcset=\"http:\/\/www.laprovidenciarecoleta.cl\/inicio\/wp-content\/uploads\/2025\/05\/Certificacion-3-scaled-1024x460.jpg 1024w, http:\/\/www.laprovidenciarecoleta.cl\/inicio\/wp-content\/uploads\/2025\/05\/Certificacion-3-scaled-300x135.jpg 300w\" sizes=\"(max-width: 1024px) 100vw, 1024px\" \/><\/a><\/p>\n","protected":false},"excerpt":{"rendered":"<p>La Escuela San Jos\u00e9 celebr\u00f3 un importante logro en su compromiso con el medio ambiente al recibir la Certificaci\u00f3n Ambiental para Establecimientos Educativos en su nivel B\u00e1sico. La solemne ceremonia de entrega se llev\u00f3 a cabo el pasado viernes 25 de abril en el Aula Magna de la Universidad de Santiago. Al evento asisti\u00f3 nuestro director Rodrigo Arancibia, la profesora&nbsp;<a href=\"http:\/\/www.laprovidenciarecoleta.cl\/inicio\/escuela-san-jose-recibe-certificacion-ambiental-de-nivel-basico-en-solemne-ceremonia\/\">&hellip;<\/a><\/p>\n","protected":false},"author":6,"featured_media":15663,"comment_status":"closed","ping_status":"closed","sticky":false,"template":"","format":"standard","meta":{"footnotes":""},"categories":[16],"tags":[],"_links":{"self":[{"href":"http:\/\/www.laprovidenciarecoleta.cl\/inicio\/wp-json\/wp\/v2\/posts\/15661"}],"collection":[{"href":"http:\/\/www.laprovidenciarecoleta.cl\/inicio\/wp-json\/wp\/v2\/posts"}],"about":[{"href":"http:\/\/www.laprovidenciarecoleta.cl\/inicio\/wp-json\/wp\/v2\/types\/post"}],"author":[{"embeddable":true,"href":"http:\/\/www.laprovidenciarecoleta.cl\/inicio\/wp-json\/wp\/v2\/users\/6"}],"replies":[{"embeddable":true,"href":"http:\/\/www.laprovidenciarecoleta.cl\/inicio\/wp-json\/wp\/v2\/comments?post=15661"}],"version-history":[{"count":1,"href":"http:\/\/www.laprovidenciarecoleta.cl\/inicio\/wp-json\/wp\/v2\/posts\/15661\/revisions"}],"predecessor-version":[{"id":15665,"href":"http:\/\/www.laprovidenciarecoleta.cl\/inicio\/wp-json\/wp\/v2\/posts\/15661\/revisions\/15665"}],"wp:featuredmedia":[{"embeddable":true,"href":"http:\/\/www.laprovidenciarecoleta.cl\/inicio\/wp-json\/wp\/v2\/media\/15663"}],"wp:attachment":[{"href":"http:\/\/www.laprovidenciarecoleta.cl\/inicio\/wp-json\/wp\/v2\/media?parent=15661"}],"wp:term":[{"taxonomy":"category","embeddable":true,"href":"http:\/\/www.laprovidenciarecoleta.cl\/inicio\/wp-json\/wp\/v2\/categories?post=15661"},{"taxonomy":"post_tag","embeddable":true,"href":"http:\/\/www.laprovidenciarecoleta.cl\/inicio\/wp-json\/wp\/v2\/tags?post=15661"}],"curies":[{"name":"wp","href":"https:\/\/api.w.org\/{rel}","templated":true}]}}