{"id":15657,"date":"2025-05-08T20:03:24","date_gmt":"2025-05-09T00:03:24","guid":{"rendered":"https:\/\/www.laprovidenciarecoleta.cl\/inicio\/?p=15657"},"modified":"2025-05-08T20:03:24","modified_gmt":"2025-05-09T00:03:24","slug":"deseamos-al-papa-leon-xiv-sabiduria-fuerza-y-bendiciones-en-su-mision","status":"publish","type":"post","link":"http:\/\/www.laprovidenciarecoleta.cl\/inicio\/deseamos-al-papa-leon-xiv-sabiduria-fuerza-y-bendiciones-en-su-mision\/","title":{"rendered":"Deseamos al Papa Le\u00f3n XIV sabidur\u00eda, fuerza y bendiciones en su misi\u00f3n"},"content":{"rendered":"<p>El mundo Cat\u00f3lico celebra la elecci\u00f3n del <strong>nuevo Sumo Pont\u00edfice<\/strong>. El cardenal <strong>Robert Francis Prevost<\/strong> ha sido elegido el sucesor de San Pedro, tomando el nombre de <strong>Le\u00f3n XIV<\/strong>, marcando as\u00ed el inicio de su Pontificado en la historia de la Iglesia.<\/p>\n<p>El cardenal Robert Francis Prevost naci\u00f3 el 14 de septiembre de 1955 en la ciudad de Chicago, estado de Illinois, Estados Unidos. En 1977 Prevost ingres\u00f3 al noviciado de la Orden de San Agust\u00edn (O.S.A.) en la provincia de Nuestra Se\u00f1ora del Buen Consejo, en San Luis. El 29 de agosto de 1981 emiti\u00f3 sus votos solemnes. Estudi\u00f3 en la Uni\u00f3n Teol\u00f3gica Cat\u00f3lica de Chicago, donde se diplom\u00f3 en Teolog\u00eda.<br \/>\nSu formaci\u00f3n acad\u00e9mica incluye tambi\u00e9n una licenciatura en Ciencias en Matem\u00e1ticas de la Universidad de Villanova en 1977.<br \/>\nA los 27 a\u00f1os, la Orden lo envi\u00f3 a Roma para estudiar Derecho Can\u00f3nico en la Pontificia Universidad Santo Tom\u00e1s de Aquino (Angelicum). Recibi\u00f3 la ordenaci\u00f3n sacerdotal el 19 de junio de 1982. Obtuvo su licenciatura en 1984 y posteriormente fue enviado a trabajar en la misi\u00f3n de Chulucanas, en Piura, Per\u00fa (1985- 1986).<br \/>\nEn 1987 obtuvo el doctorado con la tesis: \u201cEl rol del prior local en la Orden de San Agust\u00edn\u201d. Ese mismo a\u00f1o fue elegido director de vocaciones y director de las misiones de la provincia agustiniana de \u201cMother of Good Counsel\u201d de Olympia Fields, Illinois, Estados Unidos.<br \/>\nEn 1988 fue enviado a la misi\u00f3n de Trujillo como director del proyecto de formaci\u00f3n conjunta para aspirantes agustinos en los Vicariatos de Chulucanas, Iquitos y Apur\u00edmac.<br \/>\nEn la arquidi\u00f3cesis de Trujillo fue vicario judicial (1989-1998) y profesor de derecho can\u00f3nico, patr\u00edstico y moral en el Seminario Mayor \u201cSan Carlos y San Marcelo\u201d.<br \/>\nEn 1999 fue elegido prior provincial de la provincia \u201cMadre del Buen Consejo\u201d, Chicago.<\/p>\n<p>Tras dos a\u00f1os y medio, el Cap\u00edtulo General Ordinario lo eligi\u00f3 prior general, ministerio que le fue nuevamente confiado en el Cap\u00edtulo General Ordinario de 2007.<br \/>\nEl 3 de noviembre de 2014, cuando el Papa Francisco lo nombr\u00f3 administrador apost\u00f3lico de la di\u00f3cesis de Chiclayo, Per\u00fa, elev\u00e1ndolo a la dignidad de obispo y asign\u00e1ndole la di\u00f3cesis titular de Sufar.<br \/>\nEl 7 de noviembre tom\u00f3 posesi\u00f3n can\u00f3nica de la di\u00f3cesis en presencia del nuncio apost\u00f3lico James Patrick Green; fue ordenado obispo el 12 de diciembre.<br \/>\nFue obispo de Chiclayo desde el 26 de noviembre de 2015.<br \/>\nEn marzo de 2018 y hasta 2023 asumi\u00f3 el cargo de segundo vicepresidente de la Conferencia Episcopal Peruana.<\/p>\n<p>El Papa Francisco lo nombr\u00f3 miembro de la Congregaci\u00f3n para el Clero en 2019 y miembro de la Congregaci\u00f3n para los Obispos en 2020.<br \/>\nEl 30 de enero de 2023, Francisco lo nombr\u00f3 prefecto del Dicasterio para los Obispos y presidente de la Pontificia Comisi\u00f3n para Am\u00e9rica Latina. Como l\u00edder del Dicasterio para los Obispos tuvo el poderoso rol de ser responsable de seleccionar obispos, cargo que ocup\u00f3 hasta que el Papa Francisco muri\u00f3 el 21 de abril de 2025.<br \/>\nEs miembro de los Los Dicasterios para la Evangelizaci\u00f3n.<\/p>\n<p>El 8 de mayo de 2025 la fumata blanca apareci\u00f3 por la chimenea del Vaticano a las 18:07 de Roma (12:07 de Chile). Poco m\u00e1s de una hora despu\u00e9s, asom\u00f3 por el balc\u00f3n el flamante Papa Le\u00f3n XIV.<br \/>\nLa elecci\u00f3n de este nombre papal rinde homenaje al legado de Le\u00f3n XIII, recordado por su sensibilidad social y su impulso al pensamiento cat\u00f3lico moderno. Se espera que el nuevo Papa contin\u00fae promoviendo una Iglesia abierta, dialogante y atenta a los desaf\u00edos del mundo actual.<\/p>\n<p>Nuestra Escuela San Jos\u00e9 se suma con alegr\u00eda a las felicitaciones por este acontecimiento hist\u00f3rico y le desea al Papa Le\u00f3n XIV sabidur\u00eda, fuerza y bendiciones en su misi\u00f3n de gu\u00eda de la Iglesia Universal.<\/p>\n<p>&nbsp;<\/p>\n<p>&nbsp;<\/p>\n","protected":false},"excerpt":{"rendered":"<p>El mundo Cat\u00f3lico celebra la elecci\u00f3n del nuevo Sumo Pont\u00edfice. El cardenal Robert Francis Prevost ha sido elegido el sucesor de San Pedro, tomando el nombre de Le\u00f3n XIV, marcando as\u00ed el inicio de su Pontificado en la historia de la Iglesia. El cardenal Robert Francis Prevost naci\u00f3 el 14 de septiembre de 1955 en la ciudad de Chicago, estado&nbsp;<a href=\"http:\/\/www.laprovidenciarecoleta.cl\/inicio\/deseamos-al-papa-leon-xiv-sabiduria-fuerza-y-bendiciones-en-su-mision\/\">&hellip;<\/a><\/p>\n","protected":false},"author":6,"featured_media":15658,"comment_status":"closed","ping_status":"closed","sticky":false,"template":"","format":"standard","meta":{"footnotes":""},"categories":[16],"tags":[],"_links":{"self":[{"href":"http:\/\/www.laprovidenciarecoleta.cl\/inicio\/wp-json\/wp\/v2\/posts\/15657"}],"collection":[{"href":"http:\/\/www.laprovidenciarecoleta.cl\/inicio\/wp-json\/wp\/v2\/posts"}],"about":[{"href":"http:\/\/www.laprovidenciarecoleta.cl\/inicio\/wp-json\/wp\/v2\/types\/post"}],"author":[{"embeddable":true,"href":"http:\/\/www.laprovidenciarecoleta.cl\/inicio\/wp-json\/wp\/v2\/users\/6"}],"replies":[{"embeddable":true,"href":"http:\/\/www.laprovidenciarecoleta.cl\/inicio\/wp-json\/wp\/v2\/comments?post=15657"}],"version-history":[{"count":2,"href":"http:\/\/www.laprovidenciarecoleta.cl\/inicio\/wp-json\/wp\/v2\/posts\/15657\/revisions"}],"predecessor-version":[{"id":15660,"href":"http:\/\/www.laprovidenciarecoleta.cl\/inicio\/wp-json\/wp\/v2\/posts\/15657\/revisions\/15660"}],"wp:featuredmedia":[{"embeddable":true,"href":"http:\/\/www.laprovidenciarecoleta.cl\/inicio\/wp-json\/wp\/v2\/media\/15658"}],"wp:attachment":[{"href":"http:\/\/www.laprovidenciarecoleta.cl\/inicio\/wp-json\/wp\/v2\/media?parent=15657"}],"wp:term":[{"taxonomy":"category","embeddable":true,"href":"http:\/\/www.laprovidenciarecoleta.cl\/inicio\/wp-json\/wp\/v2\/categories?post=15657"},{"taxonomy":"post_tag","embeddable":true,"href":"http:\/\/www.laprovidenciarecoleta.cl\/inicio\/wp-json\/wp\/v2\/tags?post=15657"}],"curies":[{"name":"wp","href":"https:\/\/api.w.org\/{rel}","templated":true}]}}