{"id":15650,"date":"2025-05-05T15:13:39","date_gmt":"2025-05-05T19:13:39","guid":{"rendered":"https:\/\/www.laprovidenciarecoleta.cl\/inicio\/?p=15650"},"modified":"2025-05-05T15:13:39","modified_gmt":"2025-05-05T19:13:39","slug":"alumnos-de-medicina-abordan-cambios-de-la-preadolescencia-con-estudiantes-de-5-basico","status":"publish","type":"post","link":"http:\/\/www.laprovidenciarecoleta.cl\/inicio\/alumnos-de-medicina-abordan-cambios-de-la-preadolescencia-con-estudiantes-de-5-basico\/","title":{"rendered":"Alumnos de Medicina abordan cambios de la preadolescencia con estudiantes de 5\u00b0 b\u00e1sico"},"content":{"rendered":"<p><span style=\"font-weight: 400;\">El lunes 5 de mayo\u00a0 de 08:15 a 09:15\u00a0 los estudiantes de sexto a\u00f1o de medicina de la U. Los Andes (<\/span><span style=\"font-weight: 400;\">Ignacio Amaya, Vicente Lira, Gonzalo Salazar y Roberto Y\u00e1\u00f1ez<\/span><span style=\"font-weight: 400;\">) asistieron a\u00a0 nuestro establecimiento para\u00a0 entregar una charla a los estudiantes de 5to\u00b0 a\u00f1o A y 5to\u00b0 a\u00f1o B\u00a0 cuyo tema fue: \u201cCambios en la preadolescencia\u201d. Tambi\u00e9n se fueron abordando la manera en que estos cambios influyen en el trato entre estudiantes, siendo el trato respetuoso y el cuidado del cuerpo factores importantes\u00a0 en la relaci\u00f3n consigo mismo y con\u00a0 sus compa\u00f1eros.\u00a0<\/span><\/p>\n<p><span style=\"font-weight: 400;\">Se hizo especial \u00e9nfasis en que todos est\u00e1n pasando por estos cambios a distintos ritmos, como un proceso y la importancia de plantear sus inquietudes conversando con sus padres, o un adulto de confianza. <\/span><span style=\"font-weight: 400;\">Los estudiantes se mostraron receptivos a la informaci\u00f3n entregada como tambi\u00e9n a manifestar sus inquietudes propias de esta edad.<\/span><\/p>\n<p><span style=\"font-weight: 400;\">Esta actividad est\u00e1 en el contexto de un trabajo continuo con las redes de apoyo que mantiene la escuela, Policl\u00ednico El Salto (vinculaci\u00f3n con el medio).<\/span><\/p>\n<p><span style=\"font-weight: 400;\">Agradecemos esta instancia formativa y esperamos seguir contando con estos servicios de\u00a0<a href=\"https:\/\/policlinicoelsalto.cl\/\" target=\"_blank\" rel=\"noopener\">Policl\u00ednico El Salto<\/a> \u00a0<\/span><\/p>\n<p><span style=\"font-weight: 400;\">Invitamos a los padres, madres y apoderados a continuar dialogando con sus hijos\/as de manera permanente, apoy\u00e1ndolos en cada etapa de su desarrollo y as\u00ed seguir construyendo alianza: Familia-Escuela.<\/span><\/p>\n<p>&nbsp;<\/p>\n<p><span style=\"font-weight: 400;\">\u00a0<\/span><i><span style=\"font-weight: 400;\">\u201cEducar es convivir: el educando se transforma en la convivencia con el educador. El educador es aquel o aquella que adopta la tarea de configurar un espacio de convivencia donde otros se transforman con \u00e9l o ella. Para que esto pase, el educando y el educador deben acceder al espacio en que se aceptan como leg\u00edtimos otros en la convivencia&#8221; (Humberto Maturana, 2004)<\/span><\/i><\/p>\n<p>&nbsp;<\/p>\n<p style=\"text-align: center;\"><span style=\"font-weight: 400;\">Equipo de Convivencia Educativa<\/span><\/p>\n<p>&nbsp;<\/p>\n<p><a href=\"http:\/\/www.laprovidenciarecoleta.cl\/inicio\/wp-content\/uploads\/2025\/05\/policlinico.jpg\"><img loading=\"lazy\" decoding=\"async\" class=\"aligncenter size-large wp-image-15652\" src=\"http:\/\/www.laprovidenciarecoleta.cl\/inicio\/wp-content\/uploads\/2025\/05\/policlinico-1024x936.jpg\" alt=\"\" width=\"1024\" height=\"936\" srcset=\"http:\/\/www.laprovidenciarecoleta.cl\/inicio\/wp-content\/uploads\/2025\/05\/policlinico-1024x936.jpg 1024w, http:\/\/www.laprovidenciarecoleta.cl\/inicio\/wp-content\/uploads\/2025\/05\/policlinico-300x274.jpg 300w, http:\/\/www.laprovidenciarecoleta.cl\/inicio\/wp-content\/uploads\/2025\/05\/policlinico.jpg 1162w\" sizes=\"(max-width: 1024px) 100vw, 1024px\" \/><\/a> <a href=\"http:\/\/www.laprovidenciarecoleta.cl\/inicio\/wp-content\/uploads\/2025\/05\/policclinico.jpg\"><img loading=\"lazy\" decoding=\"async\" class=\"aligncenter size-large wp-image-15653\" src=\"http:\/\/www.laprovidenciarecoleta.cl\/inicio\/wp-content\/uploads\/2025\/05\/policclinico-1024x768.jpg\" alt=\"\" width=\"1024\" height=\"768\" srcset=\"http:\/\/www.laprovidenciarecoleta.cl\/inicio\/wp-content\/uploads\/2025\/05\/policclinico-1024x768.jpg 1024w, http:\/\/www.laprovidenciarecoleta.cl\/inicio\/wp-content\/uploads\/2025\/05\/policclinico-300x225.jpg 300w, http:\/\/www.laprovidenciarecoleta.cl\/inicio\/wp-content\/uploads\/2025\/05\/policclinico.jpg 1600w\" sizes=\"(max-width: 1024px) 100vw, 1024px\" \/><\/a> <a href=\"http:\/\/www.laprovidenciarecoleta.cl\/inicio\/wp-content\/uploads\/2025\/05\/Policlinico-El-Salto.jpg\"><img loading=\"lazy\" decoding=\"async\" class=\"aligncenter size-large wp-image-15654\" src=\"http:\/\/www.laprovidenciarecoleta.cl\/inicio\/wp-content\/uploads\/2025\/05\/Policlinico-El-Salto-1024x768.jpg\" alt=\"\" width=\"1024\" height=\"768\" srcset=\"http:\/\/www.laprovidenciarecoleta.cl\/inicio\/wp-content\/uploads\/2025\/05\/Policlinico-El-Salto-1024x768.jpg 1024w, http:\/\/www.laprovidenciarecoleta.cl\/inicio\/wp-content\/uploads\/2025\/05\/Policlinico-El-Salto-300x225.jpg 300w, http:\/\/www.laprovidenciarecoleta.cl\/inicio\/wp-content\/uploads\/2025\/05\/Policlinico-El-Salto-150x113.jpg 150w, http:\/\/www.laprovidenciarecoleta.cl\/inicio\/wp-content\/uploads\/2025\/05\/Policlinico-El-Salto.jpg 1600w\" sizes=\"(max-width: 1024px) 100vw, 1024px\" \/><\/a><\/p>\n","protected":false},"excerpt":{"rendered":"<p>El lunes 5 de mayo\u00a0 de 08:15 a 09:15\u00a0 los estudiantes de sexto a\u00f1o de medicina de la U. Los Andes (Ignacio Amaya, Vicente Lira, Gonzalo Salazar y Roberto Y\u00e1\u00f1ez) asistieron a\u00a0 nuestro establecimiento para\u00a0 entregar una charla a los estudiantes de 5to\u00b0 a\u00f1o A y 5to\u00b0 a\u00f1o B\u00a0 cuyo tema fue: \u201cCambios en la preadolescencia\u201d. Tambi\u00e9n se fueron abordando&nbsp;<a href=\"http:\/\/www.laprovidenciarecoleta.cl\/inicio\/alumnos-de-medicina-abordan-cambios-de-la-preadolescencia-con-estudiantes-de-5-basico\/\">&hellip;<\/a><\/p>\n","protected":false},"author":6,"featured_media":15654,"comment_status":"closed","ping_status":"closed","sticky":false,"template":"","format":"standard","meta":{"footnotes":""},"categories":[16],"tags":[],"_links":{"self":[{"href":"http:\/\/www.laprovidenciarecoleta.cl\/inicio\/wp-json\/wp\/v2\/posts\/15650"}],"collection":[{"href":"http:\/\/www.laprovidenciarecoleta.cl\/inicio\/wp-json\/wp\/v2\/posts"}],"about":[{"href":"http:\/\/www.laprovidenciarecoleta.cl\/inicio\/wp-json\/wp\/v2\/types\/post"}],"author":[{"embeddable":true,"href":"http:\/\/www.laprovidenciarecoleta.cl\/inicio\/wp-json\/wp\/v2\/users\/6"}],"replies":[{"embeddable":true,"href":"http:\/\/www.laprovidenciarecoleta.cl\/inicio\/wp-json\/wp\/v2\/comments?post=15650"}],"version-history":[{"count":2,"href":"http:\/\/www.laprovidenciarecoleta.cl\/inicio\/wp-json\/wp\/v2\/posts\/15650\/revisions"}],"predecessor-version":[{"id":15655,"href":"http:\/\/www.laprovidenciarecoleta.cl\/inicio\/wp-json\/wp\/v2\/posts\/15650\/revisions\/15655"}],"wp:featuredmedia":[{"embeddable":true,"href":"http:\/\/www.laprovidenciarecoleta.cl\/inicio\/wp-json\/wp\/v2\/media\/15654"}],"wp:attachment":[{"href":"http:\/\/www.laprovidenciarecoleta.cl\/inicio\/wp-json\/wp\/v2\/media?parent=15650"}],"wp:term":[{"taxonomy":"category","embeddable":true,"href":"http:\/\/www.laprovidenciarecoleta.cl\/inicio\/wp-json\/wp\/v2\/categories?post=15650"},{"taxonomy":"post_tag","embeddable":true,"href":"http:\/\/www.laprovidenciarecoleta.cl\/inicio\/wp-json\/wp\/v2\/tags?post=15650"}],"curies":[{"name":"wp","href":"https:\/\/api.w.org\/{rel}","templated":true}]}}