{"id":15600,"date":"2025-04-28T11:35:27","date_gmt":"2025-04-28T15:35:27","guid":{"rendered":"https:\/\/www.laprovidenciarecoleta.cl\/inicio\/?p=15600"},"modified":"2025-04-28T11:35:27","modified_gmt":"2025-04-28T15:35:27","slug":"horario-de-salida-martes-29-de-abril","status":"publish","type":"post","link":"http:\/\/www.laprovidenciarecoleta.cl\/inicio\/horario-de-salida-martes-29-de-abril\/","title":{"rendered":"Horario de salida martes 29 de abril"},"content":{"rendered":"<p>Informamos que ma\u00f1ana conmemoraremos el d\u00eda de la Convivencia Educativa, por lo que realizaremos una actividad especial y el horario de salida ser\u00e1 el siguiente:<\/p>\n<p>Salida estudiantes de k\u00ednder, 1\u00b0 y 2\u00b0 b\u00e1sico\u00a0 13:30 horas.<\/p>\n<p>Salida estudiantes de 3\u00b0 a 8\u00b0 b\u00e1sico\u00a0 \u00a014:00 horas.<\/p>\n<p>El viernes 2 de mayo es interferiado; No hay clases.<\/p>\n","protected":false},"excerpt":{"rendered":"<p>Informamos que ma\u00f1ana conmemoraremos el d\u00eda de la Convivencia Educativa, por lo que realizaremos una actividad especial y el horario de salida ser\u00e1 el siguiente: Salida estudiantes de k\u00ednder, 1\u00b0 y 2\u00b0 b\u00e1sico\u00a0 13:30 horas. Salida estudiantes de 3\u00b0 a 8\u00b0 b\u00e1sico\u00a0 \u00a014:00 horas. El viernes 2 de mayo es interferiado; No hay clases.<\/p>\n","protected":false},"author":6,"featured_media":15598,"comment_status":"closed","ping_status":"closed","sticky":false,"template":"","format":"standard","meta":{"footnotes":""},"categories":[113],"tags":[],"_links":{"self":[{"href":"http:\/\/www.laprovidenciarecoleta.cl\/inicio\/wp-json\/wp\/v2\/posts\/15600"}],"collection":[{"href":"http:\/\/www.laprovidenciarecoleta.cl\/inicio\/wp-json\/wp\/v2\/posts"}],"about":[{"href":"http:\/\/www.laprovidenciarecoleta.cl\/inicio\/wp-json\/wp\/v2\/types\/post"}],"author":[{"embeddable":true,"href":"http:\/\/www.laprovidenciarecoleta.cl\/inicio\/wp-json\/wp\/v2\/users\/6"}],"replies":[{"embeddable":true,"href":"http:\/\/www.laprovidenciarecoleta.cl\/inicio\/wp-json\/wp\/v2\/comments?post=15600"}],"version-history":[{"count":1,"href":"http:\/\/www.laprovidenciarecoleta.cl\/inicio\/wp-json\/wp\/v2\/posts\/15600\/revisions"}],"predecessor-version":[{"id":15601,"href":"http:\/\/www.laprovidenciarecoleta.cl\/inicio\/wp-json\/wp\/v2\/posts\/15600\/revisions\/15601"}],"wp:featuredmedia":[{"embeddable":true,"href":"http:\/\/www.laprovidenciarecoleta.cl\/inicio\/wp-json\/wp\/v2\/media\/15598"}],"wp:attachment":[{"href":"http:\/\/www.laprovidenciarecoleta.cl\/inicio\/wp-json\/wp\/v2\/media?parent=15600"}],"wp:term":[{"taxonomy":"category","embeddable":true,"href":"http:\/\/www.laprovidenciarecoleta.cl\/inicio\/wp-json\/wp\/v2\/categories?post=15600"},{"taxonomy":"post_tag","embeddable":true,"href":"http:\/\/www.laprovidenciarecoleta.cl\/inicio\/wp-json\/wp\/v2\/tags?post=15600"}],"curies":[{"name":"wp","href":"https:\/\/api.w.org\/{rel}","templated":true}]}}