{"id":15590,"date":"2025-04-25T00:07:34","date_gmt":"2025-04-25T04:07:34","guid":{"rendered":"https:\/\/www.laprovidenciarecoleta.cl\/inicio\/?p=15590"},"modified":"2025-04-30T11:27:36","modified_gmt":"2025-04-30T15:27:36","slug":"resultado-talleres-2025","status":"publish","type":"post","link":"http:\/\/www.laprovidenciarecoleta.cl\/inicio\/resultado-talleres-2025\/","title":{"rendered":"Resultado Talleres 2025"},"content":{"rendered":"<p>Estudiantes seleccionados para\u00a0 Talleres extraprog\u00e1maticos:<\/p>\n<p><a href=\"http:\/\/www.laprovidenciarecoleta.cl\/inicio\/wp-content\/uploads\/2025\/04\/Nomina-Futbol.pdf\" target=\"_blank\" rel=\"noopener\">N\u00f3mina F\u00fatbol<\/a><\/p>\n<p><a href=\"http:\/\/www.laprovidenciarecoleta.cl\/inicio\/wp-content\/uploads\/2025\/04\/Nomina-Coro.pdf\" target=\"_blank\" rel=\"noopener\">N\u00f3mina Coro.<\/a><\/p>\n<p><a href=\"http:\/\/www.laprovidenciarecoleta.cl\/inicio\/wp-content\/uploads\/2025\/04\/Nomina-Musica-Instrumental.pdf\" target=\"_blank\" rel=\"noopener\">N\u00f3mina M\u00fasica Instrumental.<\/a><\/p>\n<p><a href=\"http:\/\/www.laprovidenciarecoleta.cl\/inicio\/wp-content\/uploads\/2025\/04\/Nomina-Ciencias-I.pdf\" target=\"_blank\" rel=\"noopener\">N\u00f3mina Ciencias I.<\/a><\/p>\n<p><a href=\"http:\/\/www.laprovidenciarecoleta.cl\/inicio\/wp-content\/uploads\/2025\/04\/Nomina-Ciencias-II.pdf\" target=\"_blank\" rel=\"noopener\">N\u00f3mina Ciencias II.<\/a><\/p>\n<p><a href=\"http:\/\/www.laprovidenciarecoleta.cl\/inicio\/wp-content\/uploads\/2025\/04\/Nomina-Club-Matematica.pdf\" target=\"_blank\" rel=\"noopener\">N\u00f3mina Club Matem\u00e1tica.<\/a><\/p>\n<p><a href=\"http:\/\/www.laprovidenciarecoleta.cl\/inicio\/wp-content\/uploads\/2025\/04\/Nomina-Folclor.pdf\" target=\"_blank\" rel=\"noopener\">N\u00f3mina Folclor.<\/a><\/p>\n<p><a href=\"http:\/\/www.laprovidenciarecoleta.cl\/inicio\/wp-content\/uploads\/2025\/04\/Nomina-Futbol-Jueves.docx.pdf\" target=\"_blank\" rel=\"noopener\">N\u00f3mina F\u00fatbol jueves<\/a><\/p>\n<p><a href=\"http:\/\/www.laprovidenciarecoleta.cl\/inicio\/wp-content\/uploads\/2025\/04\/Nomina-Teatro.docx.pdf\" target=\"_blank\" rel=\"noopener\">N\u00f3mina Teatro<\/a><\/p>\n<p><a href=\"http:\/\/www.laprovidenciarecoleta.cl\/inicio\/wp-content\/uploads\/2025\/04\/Nomina-Ciencias-III.docx.pdf\" target=\"_blank\" rel=\"noopener\">N\u00f3mina Ciencias III<\/a><\/p>\n<p><a href=\"http:\/\/www.laprovidenciarecoleta.cl\/inicio\/wp-content\/uploads\/2025\/04\/Nomina-Danza.docx.pdf\" target=\"_blank\" rel=\"noopener\">N\u00f3mina Danza<\/a><\/p>\n","protected":false},"excerpt":{"rendered":"<p>Estudiantes seleccionados para\u00a0 Talleres extraprog\u00e1maticos: N\u00f3mina F\u00fatbol N\u00f3mina Coro. N\u00f3mina M\u00fasica Instrumental. N\u00f3mina Ciencias I. N\u00f3mina Ciencias II. N\u00f3mina Club Matem\u00e1tica. N\u00f3mina Folclor. N\u00f3mina F\u00fatbol jueves N\u00f3mina Teatro N\u00f3mina Ciencias III N\u00f3mina Danza<\/p>\n","protected":false},"author":6,"featured_media":15598,"comment_status":"closed","ping_status":"closed","sticky":false,"template":"","format":"standard","meta":{"footnotes":""},"categories":[113,16],"tags":[],"_links":{"self":[{"href":"http:\/\/www.laprovidenciarecoleta.cl\/inicio\/wp-json\/wp\/v2\/posts\/15590"}],"collection":[{"href":"http:\/\/www.laprovidenciarecoleta.cl\/inicio\/wp-json\/wp\/v2\/posts"}],"about":[{"href":"http:\/\/www.laprovidenciarecoleta.cl\/inicio\/wp-json\/wp\/v2\/types\/post"}],"author":[{"embeddable":true,"href":"http:\/\/www.laprovidenciarecoleta.cl\/inicio\/wp-json\/wp\/v2\/users\/6"}],"replies":[{"embeddable":true,"href":"http:\/\/www.laprovidenciarecoleta.cl\/inicio\/wp-json\/wp\/v2\/comments?post=15590"}],"version-history":[{"count":3,"href":"http:\/\/www.laprovidenciarecoleta.cl\/inicio\/wp-json\/wp\/v2\/posts\/15590\/revisions"}],"predecessor-version":[{"id":15613,"href":"http:\/\/www.laprovidenciarecoleta.cl\/inicio\/wp-json\/wp\/v2\/posts\/15590\/revisions\/15613"}],"wp:featuredmedia":[{"embeddable":true,"href":"http:\/\/www.laprovidenciarecoleta.cl\/inicio\/wp-json\/wp\/v2\/media\/15598"}],"wp:attachment":[{"href":"http:\/\/www.laprovidenciarecoleta.cl\/inicio\/wp-json\/wp\/v2\/media?parent=15590"}],"wp:term":[{"taxonomy":"category","embeddable":true,"href":"http:\/\/www.laprovidenciarecoleta.cl\/inicio\/wp-json\/wp\/v2\/categories?post=15590"},{"taxonomy":"post_tag","embeddable":true,"href":"http:\/\/www.laprovidenciarecoleta.cl\/inicio\/wp-json\/wp\/v2\/tags?post=15590"}],"curies":[{"name":"wp","href":"https:\/\/api.w.org\/{rel}","templated":true}]}}