{"id":14757,"date":"2024-01-04T14:58:26","date_gmt":"2024-01-04T17:58:26","guid":{"rendered":"https:\/\/www.laprovidenciarecoleta.cl\/inicio\/?p=14757"},"modified":"2024-01-04T14:58:54","modified_gmt":"2024-01-04T17:58:54","slug":"realizamos-capacitacion-a-nuestros-profesores-sobre-identidad-de-genero","status":"publish","type":"post","link":"http:\/\/www.laprovidenciarecoleta.cl\/inicio\/realizamos-capacitacion-a-nuestros-profesores-sobre-identidad-de-genero\/","title":{"rendered":"Realizamos capacitaci\u00f3n a nuestros profesores sobre identidad de g\u00e9nero"},"content":{"rendered":"<p>\u201cEntendemos por formaci\u00f3n integral la concepci\u00f3n del ser humano desde la visi\u00f3n cristiana, incorporando las dimensiones cognitiva, social, \u00e9tica, espiritual, afectiva y corporal que busca desarrollar de manera completa todas las capacidades y talentos, acompa\u00f1\u00e1ndolos en la construcci\u00f3n de su proyecto de vida\u201d. PEI.p\u00e1g 31.<\/p>\n<p>&nbsp;<\/p>\n<p>El d\u00eda mi\u00e9rcoles 27\u00a0 y jueves 28 de diciembre \u00a0de 08:00 a 12:00 hrs en nuestra escuela,\u00a0 se llev\u00f3 a cabo la capacitaci\u00f3n sobre <strong><em>Identidad de g\u00e9nero<\/em><\/strong> realizada por \u00a0la Fundaci\u00f3n Crecer M\u00e1s.<\/p>\n<p>El objetivo planteado fue revisar y analizar el concepto de identidad de g\u00e9nero, entendi\u00e9ndolo como un fen\u00f3meno personal, social, integral, din\u00e1mico, interdisciplinar y formativo. Algunos de los objetivos espec\u00edficos trabajados fueron:<\/p>\n<ul>\n<li>Distinguir entre identidad de g\u00e9nero, expresi\u00f3n de g\u00e9nero, sexo biol\u00f3gico y orientaci\u00f3n sexual.<\/li>\n<li>Reconocer etapas de desarrollo madurativo para definir formas de abordaje sobre tema de identidad de g\u00e9nero.<\/li>\n<li>Revisar normativa vigente, haciendo hincapi\u00e9 en el rol de la instituci\u00f3n educativa.<\/li>\n<\/ul>\n<p>La metodolog\u00eda de trabajo planteada fue generar conocimiento desde la experiencia concreta que el establecimiento ha tenido respecto al tema, los docentes tuvieron la posibilidad de dialogar sobre los casos identificados en sus cursos, plantear interrogantes, dudas, y as\u00ed \u00a0acompa\u00f1ar a sus estudiantes seg\u00fan su etapa de desarrollo, considerando adem\u00e1s el Marco legal\u00a0 que rige a los establecimientos educacionales.<\/p>\n<p>Cabe destacar que, adem\u00e1s fueron mencionadas las se\u00f1ales de alerta que presentan los ni\u00f1os, ni\u00f1as y adolescentes y ante las cuales debemos estar atentos en reconocer y acompa\u00f1ar: expresiones negativas de s\u00ed mismo, p\u00e9rdida de inter\u00e9s por las actividades usuales, cortes en el cuerpo, expresi\u00f3n de sentimientos suicidas, etc.<\/p>\n<p>Desde\u00a0 el \u00c1rea de Convivencia Escolar agradecemos a la escuela la posibilidad de ir orientando a la comunidad educativa en este tema, generando espacios de reflexi\u00f3n y capacitaci\u00f3n como un apoyo en la formaci\u00f3n integral de nuestros estudiantes.<\/p>\n<p>&nbsp;<\/p>\n<p style=\"text-align: center;\">Convivencia Escolar<\/p>\n<p><a href=\"http:\/\/www.laprovidenciarecoleta.cl\/inicio\/wp-content\/uploads\/2024\/01\/Identidad-de-genero-Taller_vd.pdf\" target=\"_blank\" rel=\"noopener\">Identidad de ge\u0301nero &#8211; Taller dic. 2023<\/a><\/p>\n<p>&nbsp;<\/p>\n<p><a href=\"http:\/\/www.laprovidenciarecoleta.cl\/inicio\/wp-content\/uploads\/2024\/01\/20231228_095803-scaled.jpg\"><img loading=\"lazy\" decoding=\"async\" class=\"aligncenter size-large wp-image-14761\" src=\"http:\/\/www.laprovidenciarecoleta.cl\/inicio\/wp-content\/uploads\/2024\/01\/20231228_095803-scaled-1024x576.jpg\" alt=\"\" width=\"1024\" height=\"576\" srcset=\"http:\/\/www.laprovidenciarecoleta.cl\/inicio\/wp-content\/uploads\/2024\/01\/20231228_095803-scaled-1024x576.jpg 1024w, http:\/\/www.laprovidenciarecoleta.cl\/inicio\/wp-content\/uploads\/2024\/01\/20231228_095803-scaled-300x169.jpg 300w\" sizes=\"(max-width: 1024px) 100vw, 1024px\" \/><\/a> <a href=\"http:\/\/www.laprovidenciarecoleta.cl\/inicio\/wp-content\/uploads\/2024\/01\/20231228_103446-scaled.jpg\"><img loading=\"lazy\" decoding=\"async\" class=\"aligncenter size-large wp-image-14762\" src=\"http:\/\/www.laprovidenciarecoleta.cl\/inicio\/wp-content\/uploads\/2024\/01\/20231228_103446-scaled-1024x576.jpg\" alt=\"\" width=\"1024\" height=\"576\" srcset=\"http:\/\/www.laprovidenciarecoleta.cl\/inicio\/wp-content\/uploads\/2024\/01\/20231228_103446-scaled-1024x576.jpg 1024w, http:\/\/www.laprovidenciarecoleta.cl\/inicio\/wp-content\/uploads\/2024\/01\/20231228_103446-scaled-300x169.jpg 300w\" sizes=\"(max-width: 1024px) 100vw, 1024px\" \/><\/a><\/p>\n<p>&nbsp;<\/p>\n<p>&nbsp;<\/p>\n\n\t\t<style type=\"text\/css\">\n\t\t\t#gallery-1 {\n\t\t\t\tmargin: auto;\n\t\t\t}\n\t\t\t#gallery-1 .gallery-item {\n\t\t\t\tfloat: left;\n\t\t\t\tmargin-top: 10px;\n\t\t\t\ttext-align: center;\n\t\t\t\twidth: 100%;\n\t\t\t}\n\t\t\t#gallery-1 img {\n\t\t\t\tborder: 2px solid #cfcfcf;\n\t\t\t}\n\t\t\t#gallery-1 .gallery-caption {\n\t\t\t\tmargin-left: 0;\n\t\t\t}\n\t\t\t\/* see gallery_shortcode() in wp-includes\/media.php *\/\n\t\t<\/style>\n\t\t<div id='gallery-1' class='gallery galleryid-14757 gallery-columns-1 gallery-size-large'><dl class='gallery-item'>\n\t\t\t<dt class='gallery-icon landscape'>\n\t\t\t\t<a href='http:\/\/www.laprovidenciarecoleta.cl\/inicio\/wp-content\/uploads\/2024\/01\/20231227_090007-scaled.jpg'><img loading=\"lazy\" decoding=\"async\" width=\"1024\" height=\"576\" src=\"http:\/\/www.laprovidenciarecoleta.cl\/inicio\/wp-content\/uploads\/2024\/01\/20231227_090007-scaled-1024x576.jpg\" class=\"attachment-large size-large\" alt=\"\" srcset=\"http:\/\/www.laprovidenciarecoleta.cl\/inicio\/wp-content\/uploads\/2024\/01\/20231227_090007-scaled-1024x576.jpg 1024w, http:\/\/www.laprovidenciarecoleta.cl\/inicio\/wp-content\/uploads\/2024\/01\/20231227_090007-scaled-300x169.jpg 300w, http:\/\/www.laprovidenciarecoleta.cl\/inicio\/wp-content\/uploads\/2024\/01\/20231227_090007-scaled-150x84.jpg 150w\" sizes=\"(max-width: 1024px) 100vw, 1024px\" \/><\/a>\n\t\t\t<\/dt><\/dl><br style=\"clear: both\" \/><dl class='gallery-item'>\n\t\t\t<dt class='gallery-icon landscape'>\n\t\t\t\t<a href='http:\/\/www.laprovidenciarecoleta.cl\/inicio\/wp-content\/uploads\/2024\/01\/20231228_095803-scaled.jpg'><img loading=\"lazy\" decoding=\"async\" width=\"1024\" height=\"576\" src=\"http:\/\/www.laprovidenciarecoleta.cl\/inicio\/wp-content\/uploads\/2024\/01\/20231228_095803-scaled-1024x576.jpg\" class=\"attachment-large size-large\" alt=\"\" srcset=\"http:\/\/www.laprovidenciarecoleta.cl\/inicio\/wp-content\/uploads\/2024\/01\/20231228_095803-scaled-1024x576.jpg 1024w, http:\/\/www.laprovidenciarecoleta.cl\/inicio\/wp-content\/uploads\/2024\/01\/20231228_095803-scaled-300x169.jpg 300w\" sizes=\"(max-width: 1024px) 100vw, 1024px\" \/><\/a>\n\t\t\t<\/dt><\/dl><br style=\"clear: both\" \/><dl class='gallery-item'>\n\t\t\t<dt class='gallery-icon landscape'>\n\t\t\t\t<a href='http:\/\/www.laprovidenciarecoleta.cl\/inicio\/wp-content\/uploads\/2024\/01\/20231228_103446-scaled.jpg'><img loading=\"lazy\" decoding=\"async\" width=\"1024\" height=\"576\" src=\"http:\/\/www.laprovidenciarecoleta.cl\/inicio\/wp-content\/uploads\/2024\/01\/20231228_103446-scaled-1024x576.jpg\" class=\"attachment-large size-large\" alt=\"\" srcset=\"http:\/\/www.laprovidenciarecoleta.cl\/inicio\/wp-content\/uploads\/2024\/01\/20231228_103446-scaled-1024x576.jpg 1024w, http:\/\/www.laprovidenciarecoleta.cl\/inicio\/wp-content\/uploads\/2024\/01\/20231228_103446-scaled-300x169.jpg 300w\" sizes=\"(max-width: 1024px) 100vw, 1024px\" \/><\/a>\n\t\t\t<\/dt><\/dl><br style=\"clear: both\" \/>\n\t\t<\/div>\n\n<p>&nbsp;<\/p>\n","protected":false},"excerpt":{"rendered":"<p>\u201cEntendemos por formaci\u00f3n integral la concepci\u00f3n del ser humano desde la visi\u00f3n cristiana, incorporando las dimensiones cognitiva, social, \u00e9tica, espiritual, afectiva y corporal que busca desarrollar de manera completa todas las capacidades y talentos, acompa\u00f1\u00e1ndolos en la construcci\u00f3n de su proyecto de vida\u201d. PEI.p\u00e1g 31. &nbsp; El d\u00eda mi\u00e9rcoles 27\u00a0 y jueves 28 de diciembre \u00a0de 08:00 a 12:00 hrs&nbsp;<a href=\"http:\/\/www.laprovidenciarecoleta.cl\/inicio\/realizamos-capacitacion-a-nuestros-profesores-sobre-identidad-de-genero\/\">&hellip;<\/a><\/p>\n","protected":false},"author":6,"featured_media":14760,"comment_status":"closed","ping_status":"closed","sticky":false,"template":"","format":"standard","meta":{"footnotes":""},"categories":[16],"tags":[],"_links":{"self":[{"href":"http:\/\/www.laprovidenciarecoleta.cl\/inicio\/wp-json\/wp\/v2\/posts\/14757"}],"collection":[{"href":"http:\/\/www.laprovidenciarecoleta.cl\/inicio\/wp-json\/wp\/v2\/posts"}],"about":[{"href":"http:\/\/www.laprovidenciarecoleta.cl\/inicio\/wp-json\/wp\/v2\/types\/post"}],"author":[{"embeddable":true,"href":"http:\/\/www.laprovidenciarecoleta.cl\/inicio\/wp-json\/wp\/v2\/users\/6"}],"replies":[{"embeddable":true,"href":"http:\/\/www.laprovidenciarecoleta.cl\/inicio\/wp-json\/wp\/v2\/comments?post=14757"}],"version-history":[{"count":2,"href":"http:\/\/www.laprovidenciarecoleta.cl\/inicio\/wp-json\/wp\/v2\/posts\/14757\/revisions"}],"predecessor-version":[{"id":14764,"href":"http:\/\/www.laprovidenciarecoleta.cl\/inicio\/wp-json\/wp\/v2\/posts\/14757\/revisions\/14764"}],"wp:featuredmedia":[{"embeddable":true,"href":"http:\/\/www.laprovidenciarecoleta.cl\/inicio\/wp-json\/wp\/v2\/media\/14760"}],"wp:attachment":[{"href":"http:\/\/www.laprovidenciarecoleta.cl\/inicio\/wp-json\/wp\/v2\/media?parent=14757"}],"wp:term":[{"taxonomy":"category","embeddable":true,"href":"http:\/\/www.laprovidenciarecoleta.cl\/inicio\/wp-json\/wp\/v2\/categories?post=14757"},{"taxonomy":"post_tag","embeddable":true,"href":"http:\/\/www.laprovidenciarecoleta.cl\/inicio\/wp-json\/wp\/v2\/tags?post=14757"}],"curies":[{"name":"wp","href":"https:\/\/api.w.org\/{rel}","templated":true}]}}