{"id":14719,"date":"2023-12-01T23:44:26","date_gmt":"2023-12-02T02:44:26","guid":{"rendered":"https:\/\/www.laprovidenciarecoleta.cl\/inicio\/?p=14719"},"modified":"2023-12-11T23:57:11","modified_gmt":"2023-12-12T02:57:11","slug":"realizamos-jornadas-formativas-para-estudiantes-de-cuartos-y-octavos","status":"publish","type":"post","link":"http:\/\/www.laprovidenciarecoleta.cl\/inicio\/realizamos-jornadas-formativas-para-estudiantes-de-cuartos-y-octavos\/","title":{"rendered":"Realizamos jornadas formativas para  estudiantes de  Cuartos y Octavos"},"content":{"rendered":"<p>Durante los meses de octubre y \u00a0noviembre el equipo de Pastoral y Convivencia Escolar llevaron a cabo las jornadas formativas y espirituales para los estudiantes de 4\u00b0 y 8\u00b0 b\u00e1sico. El sentido de incluir a estos cursos es porque los cuartos tienen cambio de ciclo y para los octavos es el egreso de la ense\u00f1anza b\u00e1sica e inserci\u00f3n en la educaci\u00f3n media.<\/p>\n<p>Estas jornadas se realizaron los d\u00edas, viernes 20 de octubre,3,17,24 de noviembre de 08:00 a 13:10hrs en el santuario de Schoenstatt ubicado en la comuna de La Florida.<\/p>\n<p>El objetivo planteado por el equipo, junto a los profesores jefes de estos cursos, fue propiciar a los estudiantes una instancia de encuentro consigo mismo, con sus pares y con Dios, descubriendo las fortalezas y aspectos a mejorar a nivel personal y como curso.<\/p>\n<p>Los momentos considerados fueron: oraci\u00f3n en la capilla del Santuario, realizar de manera interactiva con los estudiantes su \u201cTrayectoria escolar\u201d mediante una l\u00ednea de tiempo con vi\u00f1etas que se fueron pegando a medida que participaban, destacando hechos significativos que los ni\u00f1os, ni\u00f1as y adolescentes han vivido en la escuela San Jos\u00e9. Luego un trabajo personal donde los estudiantes identificaron situaciones y personas que han sido importantes en este proceso escolar y\u00a0 un trabajo grupal donde comentaron sus respuestas llegando a una conclusi\u00f3n general que posteriormente expusieron en un\u00a0 plenario.<\/p>\n<p>Para evaluar la actividad los estudiantes respondieron una escala de apreciaci\u00f3n. Las impresiones recogidas de esta evaluaci\u00f3n fue que: el espacio elegido era muy bonito, que tuvieron tiempo para compartir emociones e ideas con sus compa\u00f1eros en otro ambiente m\u00e1s relajado, que les hubiera gustaba que fuera todo el d\u00eda la actividad.<\/p>\n<p>El equipo organizador ve como desaf\u00edo para el pr\u00f3ximo a\u00f1o que en lo posible m\u00e1s cursos puedan tener la posibilidad de participar en una instancia formativa como esta.<\/p>\n<p>&nbsp;<\/p>\n<p style=\"text-align: center;\">Equipo de Pastoral y Convivencia Escolar<\/p>\n<p><a href=\"http:\/\/www.laprovidenciarecoleta.cl\/inicio\/wp-content\/uploads\/2023\/12\/Jornadas-Esp-15.jpg\"><img loading=\"lazy\" decoding=\"async\" class=\"aligncenter size-large wp-image-14734\" src=\"http:\/\/www.laprovidenciarecoleta.cl\/inicio\/wp-content\/uploads\/2023\/12\/Jornadas-Esp-15-1024x576.jpg\" alt=\"\" width=\"1024\" height=\"576\" srcset=\"http:\/\/www.laprovidenciarecoleta.cl\/inicio\/wp-content\/uploads\/2023\/12\/Jornadas-Esp-15-1024x576.jpg 1024w, http:\/\/www.laprovidenciarecoleta.cl\/inicio\/wp-content\/uploads\/2023\/12\/Jornadas-Esp-15-300x169.jpg 300w, http:\/\/www.laprovidenciarecoleta.cl\/inicio\/wp-content\/uploads\/2023\/12\/Jornadas-Esp-15.jpg 1600w\" sizes=\"(max-width: 1024px) 100vw, 1024px\" \/><\/a> <a href=\"http:\/\/www.laprovidenciarecoleta.cl\/inicio\/wp-content\/uploads\/2023\/12\/Jornadas-Esp-14.jpg\"><img loading=\"lazy\" decoding=\"async\" class=\"aligncenter size-large wp-image-14733\" src=\"http:\/\/www.laprovidenciarecoleta.cl\/inicio\/wp-content\/uploads\/2023\/12\/Jornadas-Esp-14-1024x576.jpg\" alt=\"\" width=\"1024\" height=\"576\" srcset=\"http:\/\/www.laprovidenciarecoleta.cl\/inicio\/wp-content\/uploads\/2023\/12\/Jornadas-Esp-14-1024x576.jpg 1024w, http:\/\/www.laprovidenciarecoleta.cl\/inicio\/wp-content\/uploads\/2023\/12\/Jornadas-Esp-14-300x169.jpg 300w, http:\/\/www.laprovidenciarecoleta.cl\/inicio\/wp-content\/uploads\/2023\/12\/Jornadas-Esp-14.jpg 1600w\" sizes=\"(max-width: 1024px) 100vw, 1024px\" \/><\/a> <a href=\"http:\/\/www.laprovidenciarecoleta.cl\/inicio\/wp-content\/uploads\/2023\/12\/Jornadas-Esp-13.jpg\"><img loading=\"lazy\" decoding=\"async\" class=\"aligncenter size-large wp-image-14732\" src=\"http:\/\/www.laprovidenciarecoleta.cl\/inicio\/wp-content\/uploads\/2023\/12\/Jornadas-Esp-13-1024x768.jpg\" alt=\"\" width=\"1024\" height=\"768\" srcset=\"http:\/\/www.laprovidenciarecoleta.cl\/inicio\/wp-content\/uploads\/2023\/12\/Jornadas-Esp-13-1024x768.jpg 1024w, http:\/\/www.laprovidenciarecoleta.cl\/inicio\/wp-content\/uploads\/2023\/12\/Jornadas-Esp-13-300x225.jpg 300w, http:\/\/www.laprovidenciarecoleta.cl\/inicio\/wp-content\/uploads\/2023\/12\/Jornadas-Esp-13.jpg 1600w\" sizes=\"(max-width: 1024px) 100vw, 1024px\" \/><\/a> <a href=\"http:\/\/www.laprovidenciarecoleta.cl\/inicio\/wp-content\/uploads\/2023\/12\/Jornadas-Esp-12.jpg\"><img loading=\"lazy\" decoding=\"async\" class=\"aligncenter size-large wp-image-14731\" src=\"http:\/\/www.laprovidenciarecoleta.cl\/inicio\/wp-content\/uploads\/2023\/12\/Jornadas-Esp-12-1024x768.jpg\" alt=\"\" width=\"1024\" height=\"768\" srcset=\"http:\/\/www.laprovidenciarecoleta.cl\/inicio\/wp-content\/uploads\/2023\/12\/Jornadas-Esp-12-1024x768.jpg 1024w, http:\/\/www.laprovidenciarecoleta.cl\/inicio\/wp-content\/uploads\/2023\/12\/Jornadas-Esp-12-300x225.jpg 300w, http:\/\/www.laprovidenciarecoleta.cl\/inicio\/wp-content\/uploads\/2023\/12\/Jornadas-Esp-12.jpg 1600w\" sizes=\"(max-width: 1024px) 100vw, 1024px\" \/><\/a> <a href=\"http:\/\/www.laprovidenciarecoleta.cl\/inicio\/wp-content\/uploads\/2023\/12\/Jornadas-Esp-11.jpg\"><img loading=\"lazy\" decoding=\"async\" class=\"aligncenter size-large wp-image-14730\" src=\"http:\/\/www.laprovidenciarecoleta.cl\/inicio\/wp-content\/uploads\/2023\/12\/Jornadas-Esp-11-1024x576.jpg\" alt=\"\" width=\"1024\" height=\"576\" srcset=\"http:\/\/www.laprovidenciarecoleta.cl\/inicio\/wp-content\/uploads\/2023\/12\/Jornadas-Esp-11-1024x576.jpg 1024w, http:\/\/www.laprovidenciarecoleta.cl\/inicio\/wp-content\/uploads\/2023\/12\/Jornadas-Esp-11-300x169.jpg 300w, http:\/\/www.laprovidenciarecoleta.cl\/inicio\/wp-content\/uploads\/2023\/12\/Jornadas-Esp-11.jpg 1600w\" sizes=\"(max-width: 1024px) 100vw, 1024px\" \/><\/a> <a href=\"http:\/\/www.laprovidenciarecoleta.cl\/inicio\/wp-content\/uploads\/2023\/12\/Jornadas-Esp-6.jpg\"><img loading=\"lazy\" decoding=\"async\" class=\"aligncenter size-large wp-image-14725\" src=\"http:\/\/www.laprovidenciarecoleta.cl\/inicio\/wp-content\/uploads\/2023\/12\/Jornadas-Esp-6-1024x768.jpg\" alt=\"\" width=\"1024\" height=\"768\" srcset=\"http:\/\/www.laprovidenciarecoleta.cl\/inicio\/wp-content\/uploads\/2023\/12\/Jornadas-Esp-6-1024x768.jpg 1024w, http:\/\/www.laprovidenciarecoleta.cl\/inicio\/wp-content\/uploads\/2023\/12\/Jornadas-Esp-6-300x225.jpg 300w, http:\/\/www.laprovidenciarecoleta.cl\/inicio\/wp-content\/uploads\/2023\/12\/Jornadas-Esp-6.jpg 1600w\" sizes=\"(max-width: 1024px) 100vw, 1024px\" \/><\/a> <a href=\"http:\/\/www.laprovidenciarecoleta.cl\/inicio\/wp-content\/uploads\/2023\/12\/Jornadas-Esp-7.jpg\"><img loading=\"lazy\" decoding=\"async\" class=\"aligncenter size-large wp-image-14726\" src=\"http:\/\/www.laprovidenciarecoleta.cl\/inicio\/wp-content\/uploads\/2023\/12\/Jornadas-Esp-7-1024x768.jpg\" alt=\"\" width=\"1024\" height=\"768\" srcset=\"http:\/\/www.laprovidenciarecoleta.cl\/inicio\/wp-content\/uploads\/2023\/12\/Jornadas-Esp-7-1024x768.jpg 1024w, http:\/\/www.laprovidenciarecoleta.cl\/inicio\/wp-content\/uploads\/2023\/12\/Jornadas-Esp-7-300x225.jpg 300w, http:\/\/www.laprovidenciarecoleta.cl\/inicio\/wp-content\/uploads\/2023\/12\/Jornadas-Esp-7.jpg 1600w\" sizes=\"(max-width: 1024px) 100vw, 1024px\" \/><\/a> <a href=\"http:\/\/www.laprovidenciarecoleta.cl\/inicio\/wp-content\/uploads\/2023\/12\/Jornadas-Esp-8.jpg\"><img loading=\"lazy\" decoding=\"async\" class=\"aligncenter size-large wp-image-14727\" src=\"http:\/\/www.laprovidenciarecoleta.cl\/inicio\/wp-content\/uploads\/2023\/12\/Jornadas-Esp-8-1024x768.jpg\" alt=\"\" width=\"1024\" height=\"768\" srcset=\"http:\/\/www.laprovidenciarecoleta.cl\/inicio\/wp-content\/uploads\/2023\/12\/Jornadas-Esp-8-1024x768.jpg 1024w, http:\/\/www.laprovidenciarecoleta.cl\/inicio\/wp-content\/uploads\/2023\/12\/Jornadas-Esp-8-300x225.jpg 300w, http:\/\/www.laprovidenciarecoleta.cl\/inicio\/wp-content\/uploads\/2023\/12\/Jornadas-Esp-8-150x113.jpg 150w, http:\/\/www.laprovidenciarecoleta.cl\/inicio\/wp-content\/uploads\/2023\/12\/Jornadas-Esp-8.jpg 1600w\" sizes=\"(max-width: 1024px) 100vw, 1024px\" \/><\/a> <a href=\"http:\/\/www.laprovidenciarecoleta.cl\/inicio\/wp-content\/uploads\/2023\/12\/Jornadas-Esp-9.jpg\"><img loading=\"lazy\" decoding=\"async\" class=\"aligncenter size-large wp-image-14728\" src=\"http:\/\/www.laprovidenciarecoleta.cl\/inicio\/wp-content\/uploads\/2023\/12\/Jornadas-Esp-9-1024x768.jpg\" alt=\"\" width=\"1024\" height=\"768\" srcset=\"http:\/\/www.laprovidenciarecoleta.cl\/inicio\/wp-content\/uploads\/2023\/12\/Jornadas-Esp-9-1024x768.jpg 1024w, http:\/\/www.laprovidenciarecoleta.cl\/inicio\/wp-content\/uploads\/2023\/12\/Jornadas-Esp-9-300x225.jpg 300w, http:\/\/www.laprovidenciarecoleta.cl\/inicio\/wp-content\/uploads\/2023\/12\/Jornadas-Esp-9.jpg 1600w\" sizes=\"(max-width: 1024px) 100vw, 1024px\" \/><\/a> <a href=\"http:\/\/www.laprovidenciarecoleta.cl\/inicio\/wp-content\/uploads\/2023\/12\/Jornadas-Esp-1.jpg\"><img loading=\"lazy\" decoding=\"async\" class=\"aligncenter size-large wp-image-14720\" src=\"http:\/\/www.laprovidenciarecoleta.cl\/inicio\/wp-content\/uploads\/2023\/12\/Jornadas-Esp-1-1024x576.jpg\" alt=\"\" width=\"1024\" height=\"576\" srcset=\"http:\/\/www.laprovidenciarecoleta.cl\/inicio\/wp-content\/uploads\/2023\/12\/Jornadas-Esp-1-1024x576.jpg 1024w, http:\/\/www.laprovidenciarecoleta.cl\/inicio\/wp-content\/uploads\/2023\/12\/Jornadas-Esp-1-300x169.jpg 300w, http:\/\/www.laprovidenciarecoleta.cl\/inicio\/wp-content\/uploads\/2023\/12\/Jornadas-Esp-1.jpg 1600w\" sizes=\"(max-width: 1024px) 100vw, 1024px\" \/><\/a> <a href=\"http:\/\/www.laprovidenciarecoleta.cl\/inicio\/wp-content\/uploads\/2023\/12\/Jornadas-Esp-2.jpg\"><img loading=\"lazy\" decoding=\"async\" class=\"aligncenter size-large wp-image-14721\" src=\"http:\/\/www.laprovidenciarecoleta.cl\/inicio\/wp-content\/uploads\/2023\/12\/Jornadas-Esp-2-576x1024.jpg\" alt=\"\" width=\"576\" height=\"1024\" srcset=\"http:\/\/www.laprovidenciarecoleta.cl\/inicio\/wp-content\/uploads\/2023\/12\/Jornadas-Esp-2-576x1024.jpg 576w, http:\/\/www.laprovidenciarecoleta.cl\/inicio\/wp-content\/uploads\/2023\/12\/Jornadas-Esp-2-169x300.jpg 169w, http:\/\/www.laprovidenciarecoleta.cl\/inicio\/wp-content\/uploads\/2023\/12\/Jornadas-Esp-2.jpg 900w\" sizes=\"(max-width: 576px) 100vw, 576px\" \/><\/a> <a href=\"http:\/\/www.laprovidenciarecoleta.cl\/inicio\/wp-content\/uploads\/2023\/12\/Jornadas-Esp-3.jpg\"><img loading=\"lazy\" decoding=\"async\" class=\"aligncenter size-large wp-image-14722\" src=\"http:\/\/www.laprovidenciarecoleta.cl\/inicio\/wp-content\/uploads\/2023\/12\/Jornadas-Esp-3-576x1024.jpg\" alt=\"\" width=\"576\" height=\"1024\" srcset=\"http:\/\/www.laprovidenciarecoleta.cl\/inicio\/wp-content\/uploads\/2023\/12\/Jornadas-Esp-3-576x1024.jpg 576w, http:\/\/www.laprovidenciarecoleta.cl\/inicio\/wp-content\/uploads\/2023\/12\/Jornadas-Esp-3-169x300.jpg 169w, http:\/\/www.laprovidenciarecoleta.cl\/inicio\/wp-content\/uploads\/2023\/12\/Jornadas-Esp-3.jpg 900w\" sizes=\"(max-width: 576px) 100vw, 576px\" \/><\/a> <a href=\"http:\/\/www.laprovidenciarecoleta.cl\/inicio\/wp-content\/uploads\/2023\/12\/Jornadas-Esp-4.jpg\"><img loading=\"lazy\" decoding=\"async\" class=\"aligncenter size-large wp-image-14723\" src=\"http:\/\/www.laprovidenciarecoleta.cl\/inicio\/wp-content\/uploads\/2023\/12\/Jornadas-Esp-4-1024x576.jpg\" alt=\"\" width=\"1024\" height=\"576\" srcset=\"http:\/\/www.laprovidenciarecoleta.cl\/inicio\/wp-content\/uploads\/2023\/12\/Jornadas-Esp-4-1024x576.jpg 1024w, http:\/\/www.laprovidenciarecoleta.cl\/inicio\/wp-content\/uploads\/2023\/12\/Jornadas-Esp-4-300x169.jpg 300w, http:\/\/www.laprovidenciarecoleta.cl\/inicio\/wp-content\/uploads\/2023\/12\/Jornadas-Esp-4.jpg 1600w\" sizes=\"(max-width: 1024px) 100vw, 1024px\" \/><\/a> <a href=\"http:\/\/www.laprovidenciarecoleta.cl\/inicio\/wp-content\/uploads\/2023\/12\/Jornadas-Esp-5.jpg\"><img loading=\"lazy\" decoding=\"async\" class=\"aligncenter size-large wp-image-14724\" src=\"http:\/\/www.laprovidenciarecoleta.cl\/inicio\/wp-content\/uploads\/2023\/12\/Jornadas-Esp-5-1024x768.jpg\" alt=\"\" width=\"1024\" height=\"768\" srcset=\"http:\/\/www.laprovidenciarecoleta.cl\/inicio\/wp-content\/uploads\/2023\/12\/Jornadas-Esp-5-1024x768.jpg 1024w, http:\/\/www.laprovidenciarecoleta.cl\/inicio\/wp-content\/uploads\/2023\/12\/Jornadas-Esp-5-300x225.jpg 300w, http:\/\/www.laprovidenciarecoleta.cl\/inicio\/wp-content\/uploads\/2023\/12\/Jornadas-Esp-5.jpg 1600w\" sizes=\"(max-width: 1024px) 100vw, 1024px\" \/><\/a><\/p>\n<p>&nbsp;<\/p>\n","protected":false},"excerpt":{"rendered":"<p>Durante los meses de octubre y \u00a0noviembre el equipo de Pastoral y Convivencia Escolar llevaron a cabo las jornadas formativas y espirituales para los estudiantes de 4\u00b0 y 8\u00b0 b\u00e1sico. El sentido de incluir a estos cursos es porque los cuartos tienen cambio de ciclo y para los octavos es el egreso de la ense\u00f1anza b\u00e1sica e inserci\u00f3n en la&nbsp;<a href=\"http:\/\/www.laprovidenciarecoleta.cl\/inicio\/realizamos-jornadas-formativas-para-estudiantes-de-cuartos-y-octavos\/\">&hellip;<\/a><\/p>\n","protected":false},"author":6,"featured_media":14727,"comment_status":"closed","ping_status":"closed","sticky":false,"template":"","format":"standard","meta":{"footnotes":""},"categories":[16],"tags":[],"_links":{"self":[{"href":"http:\/\/www.laprovidenciarecoleta.cl\/inicio\/wp-json\/wp\/v2\/posts\/14719"}],"collection":[{"href":"http:\/\/www.laprovidenciarecoleta.cl\/inicio\/wp-json\/wp\/v2\/posts"}],"about":[{"href":"http:\/\/www.laprovidenciarecoleta.cl\/inicio\/wp-json\/wp\/v2\/types\/post"}],"author":[{"embeddable":true,"href":"http:\/\/www.laprovidenciarecoleta.cl\/inicio\/wp-json\/wp\/v2\/users\/6"}],"replies":[{"embeddable":true,"href":"http:\/\/www.laprovidenciarecoleta.cl\/inicio\/wp-json\/wp\/v2\/comments?post=14719"}],"version-history":[{"count":1,"href":"http:\/\/www.laprovidenciarecoleta.cl\/inicio\/wp-json\/wp\/v2\/posts\/14719\/revisions"}],"predecessor-version":[{"id":14735,"href":"http:\/\/www.laprovidenciarecoleta.cl\/inicio\/wp-json\/wp\/v2\/posts\/14719\/revisions\/14735"}],"wp:featuredmedia":[{"embeddable":true,"href":"http:\/\/www.laprovidenciarecoleta.cl\/inicio\/wp-json\/wp\/v2\/media\/14727"}],"wp:attachment":[{"href":"http:\/\/www.laprovidenciarecoleta.cl\/inicio\/wp-json\/wp\/v2\/media?parent=14719"}],"wp:term":[{"taxonomy":"category","embeddable":true,"href":"http:\/\/www.laprovidenciarecoleta.cl\/inicio\/wp-json\/wp\/v2\/categories?post=14719"},{"taxonomy":"post_tag","embeddable":true,"href":"http:\/\/www.laprovidenciarecoleta.cl\/inicio\/wp-json\/wp\/v2\/tags?post=14719"}],"curies":[{"name":"wp","href":"https:\/\/api.w.org\/{rel}","templated":true}]}}