{"id":14709,"date":"2023-12-05T17:21:13","date_gmt":"2023-12-05T20:21:13","guid":{"rendered":"http:\/\/www.laprovidenciarecoleta.cl\/inicio\/?p=14709"},"modified":"2023-12-05T17:25:01","modified_gmt":"2023-12-05T20:25:01","slug":"14709-2","status":"publish","type":"post","link":"http:\/\/www.laprovidenciarecoleta.cl\/inicio\/14709-2\/","title":{"rendered":"Tiempo de Adviento:prepar\u00e9monos para la llegada de Jes\u00fas"},"content":{"rendered":"<div dir=\"auto\">\n<p>Estimada comunidad escolar:<\/p>\n<p>Esperamos que se encuentren bien, llenos de alegr\u00eda y esperanza en esta temporada de adviento.<\/p>\n<p>El tiempo de adviento es una \u00e9poca de preparaci\u00f3n y anticipaci\u00f3n para la llegada del Ni\u00f1o Jes\u00fas en la Navidad. Es un tiempo de reflexi\u00f3n, introspecci\u00f3n y especialmente, un tiempo para compartir en familia y fortalecer los lazos que nos unen.<\/p>\n<p>En estos tiempos de incertidumbre y cambio, es m\u00e1s importante que nunca valorar y disfrutar de la compa\u00f1\u00eda y el amor de nuestros seres queridos. Por eso, queremos invitar a toda la comunidad escolar a vivir el adviento de una manera especial, a trav\u00e9s de diferentes actividades que podr\u00e1n realizar en familia.<\/p>\n<p>Una de las actividades que les sugerimos es la creaci\u00f3n de un calendario de adviento. Pueden hacerlo de manera artesanal, utilizando cartulinas o materiales reciclables.<\/p>\n<p>Tambi\u00e9n presentamos actividades que pueden desarrollar los m\u00e1s peque\u00f1os de la casa, idea que ha sido tomada de la p\u00e1gina &#8220;Desde la Fe&#8221; y que puede ser de mucha utilidad con los ni\u00f1os.<\/p>\n<p>Por \u00faltimo, les compartimos un material que fue generado por la &#8220;Pastoral UC&#8221; donde podr\u00e1n encontrar una Novena para poder vivir en familia, destinando un tiempo de oraci\u00f3n y reflexi\u00f3n donde puedan compartir sus deseos, agradecimientos e intenciones para este tiempo, recordando que el verdadero significado de la Navidad esta en el amor y la paz que Jes\u00fas nos trae.<\/p>\n<\/div>\n<div dir=\"auto\">\n<p>Queremos recordarles que estas actividades son solo sugerencias y pueden adaptarlas seg\u00fan sus propias circunstancias y gustos. Lo importante es que pasen tiempo de calidad juntos, compartiendo amor, bondad y generosidad.<\/p>\n<p>Deseamos que este tiempo de adviento sea una oportunidad para fortalecer los lazos familiares y vivir la esperanza y el amor que nos trae la celebraci\u00f3n de la Navidad.<\/p>\n<p>Que tengan un bendecido adviento y una felices fiestas, les desea.<\/p>\n<p>&nbsp;<\/p>\n<p style=\"text-align: center;\">Equipo de Pastoral<\/p>\n<p style=\"text-align: center;\">Escuela San Jos\u00e9<\/p>\n<\/div>\n<p>&nbsp;<\/p>\n<p><strong><a href=\"http:\/\/www.laprovidenciarecoleta.cl\/inicio\/wp-content\/uploads\/2023\/12\/Adviento-en-Familia.pdf\" target=\"_blank\" rel=\"noopener\">Descargar pdf Adviento en Familia<\/a><\/strong><\/p>\n<div dir=\"auto\"><\/div>\n<div dir=\"auto\">Links con elementos descargables:<\/div>\n<div dir=\"auto\"><a href=\"https:\/\/desdelafe.mx\/familia\/escuela-para-padres\/adviento-para-ninos-explicacion-y-actividades\/\" target=\"_blank\" rel=\"noopener\" data-saferedirecturl=\"https:\/\/www.google.com\/url?q=https:\/\/desdelafe.mx\/familia\/escuela-para-padres\/adviento-para-ninos-explicacion-y-actividades\/&amp;source=gmail&amp;ust=1701886296499000&amp;usg=AOvVaw3KjkGI_G5b_qKB2VqE10_l\">https:\/\/desdelafe.mx\/familia\/<wbr \/>escuela-para-padres\/adviento-<wbr \/>para-ninos-explicacion-y-<wbr \/>actividades\/<\/a><\/div>\n<div dir=\"auto\"><a href=\"https:\/\/pastoral.uc.cl\/wp-content\/recursos\/publicaciones\/Novena-de-Navidad-2014.pdf\" target=\"_blank\" rel=\"noopener noreferrer\" data-saferedirecturl=\"https:\/\/www.google.com\/url?q=https:\/\/pastoral.uc.cl\/wp-content\/recursos\/publicaciones\/Novena-de-Navidad-2014.pdf&amp;source=gmail&amp;ust=1701886296499000&amp;usg=AOvVaw1U3VmtSWpP99Z7Ysp6e943\">https:\/\/pastoral.uc.cl\/wp-<wbr \/>content\/recursos\/<wbr \/>publicaciones\/Novena-de-<wbr \/>Navidad-2014.pdf<\/a><\/div>\n<div dir=\"auto\"><\/div>\n<p>&nbsp;<\/p>\n<div dir=\"auto\"><\/div>\n","protected":false},"excerpt":{"rendered":"<p>Estimada comunidad escolar: Esperamos que se encuentren bien, llenos de alegr\u00eda y esperanza en esta temporada de adviento. El tiempo de adviento es una \u00e9poca de preparaci\u00f3n y anticipaci\u00f3n para la llegada del Ni\u00f1o Jes\u00fas en la Navidad. Es un tiempo de reflexi\u00f3n, introspecci\u00f3n y especialmente, un tiempo para compartir en familia y fortalecer los lazos que nos unen. En&nbsp;<a href=\"http:\/\/www.laprovidenciarecoleta.cl\/inicio\/14709-2\/\">&hellip;<\/a><\/p>\n","protected":false},"author":6,"featured_media":14710,"comment_status":"closed","ping_status":"closed","sticky":false,"template":"","format":"standard","meta":{"footnotes":""},"categories":[113],"tags":[],"_links":{"self":[{"href":"http:\/\/www.laprovidenciarecoleta.cl\/inicio\/wp-json\/wp\/v2\/posts\/14709"}],"collection":[{"href":"http:\/\/www.laprovidenciarecoleta.cl\/inicio\/wp-json\/wp\/v2\/posts"}],"about":[{"href":"http:\/\/www.laprovidenciarecoleta.cl\/inicio\/wp-json\/wp\/v2\/types\/post"}],"author":[{"embeddable":true,"href":"http:\/\/www.laprovidenciarecoleta.cl\/inicio\/wp-json\/wp\/v2\/users\/6"}],"replies":[{"embeddable":true,"href":"http:\/\/www.laprovidenciarecoleta.cl\/inicio\/wp-json\/wp\/v2\/comments?post=14709"}],"version-history":[{"count":5,"href":"http:\/\/www.laprovidenciarecoleta.cl\/inicio\/wp-json\/wp\/v2\/posts\/14709\/revisions"}],"predecessor-version":[{"id":14716,"href":"http:\/\/www.laprovidenciarecoleta.cl\/inicio\/wp-json\/wp\/v2\/posts\/14709\/revisions\/14716"}],"wp:featuredmedia":[{"embeddable":true,"href":"http:\/\/www.laprovidenciarecoleta.cl\/inicio\/wp-json\/wp\/v2\/media\/14710"}],"wp:attachment":[{"href":"http:\/\/www.laprovidenciarecoleta.cl\/inicio\/wp-json\/wp\/v2\/media?parent=14709"}],"wp:term":[{"taxonomy":"category","embeddable":true,"href":"http:\/\/www.laprovidenciarecoleta.cl\/inicio\/wp-json\/wp\/v2\/categories?post=14709"},{"taxonomy":"post_tag","embeddable":true,"href":"http:\/\/www.laprovidenciarecoleta.cl\/inicio\/wp-json\/wp\/v2\/tags?post=14709"}],"curies":[{"name":"wp","href":"https:\/\/api.w.org\/{rel}","templated":true}]}}