{"id":14701,"date":"2023-11-28T19:59:58","date_gmt":"2023-11-28T22:59:58","guid":{"rendered":"https:\/\/www.laprovidenciarecoleta.cl\/inicio\/?p=14701"},"modified":"2023-11-28T19:59:58","modified_gmt":"2023-11-28T22:59:58","slug":"informaciones-termino-de-ano-escolar","status":"publish","type":"post","link":"http:\/\/www.laprovidenciarecoleta.cl\/inicio\/informaciones-termino-de-ano-escolar\/","title":{"rendered":"Informaciones  &#8211; T\u00e9rmino de a\u00f1o escolar"},"content":{"rendered":"<p>Estimados Padres, Madres y Apoderados:<\/p>\n<p>Junto con saludarles cordialmente y desear su bienestar y el de cada una de las familias que<br \/>\nforman nuestra Comunidad San Jos\u00e9, compartimos algunas informaciones importantes:<\/p>\n<p>\uf0b7 Durante este \u00faltimo per\u00edodo (cierre del a\u00f1o escolar), es decir a partir de ma\u00f1ana mi\u00e9rcoles<br \/>\n29 de noviembre hasta el lunes 11 de diciembre, los cursos de 3ro a 8vo su horario de<br \/>\nsalida ser\u00e1 a las 13:10 hrs.<br \/>\n\uf0b7 El k\u00ednder mantendr\u00e1 su horario normal, 1ros y 2dos saldr\u00e1n todos los d\u00edas a las 13:10 hrs<br \/>\nhasta el 19 de diciembre.<br \/>\n\uf0b7 La \u00faltima reuni\u00f3n de apoderados\u00a0 ser\u00e1 el martes 12 de diciembre a las 18 hrs. En ella se<br \/>\nefectuar\u00e1 la matr\u00edcula de todos los estudiantes antiguos, que contin\u00faan en nuestra<br \/>\nescuela el a\u00f1o 2024, , por lo que su asistencia es obligatoria, pues no habr\u00e1 otro d\u00eda para matricular.<br \/>\n\uf0b7 El aporte anual al Centro de padres, para el 2024 ser\u00e1 de $10.000 por familia. La directiva<br \/>\ninformar\u00e1 d\u00edas y horarios en que estar recaudando estos fondos.<br \/>\n\uf0b7 Las listas de \u00fatiles escolares y lecturas complementarias 2024 ser\u00e1n publicadas en la<br \/>\np\u00e1gina web de la escuela\u00a0 www.laprovidenciarecoleta.cl .<\/p>\n<p>&nbsp;<\/p>\n<p style=\"text-align: center;\">Atte.<\/p>\n<p style=\"text-align: center;\">Inspector\u00eda<\/p>\n<p>&nbsp;<\/p>\n<p>&nbsp;<\/p>\n<p style=\"text-align: right;\">Propender siempre a la paz y a la uni\u00f3n<\/p>\n<p style=\"text-align: right;\">Sierva de Dios Bernarda Morin<\/p>\n","protected":false},"excerpt":{"rendered":"<p>Estimados Padres, Madres y Apoderados: Junto con saludarles cordialmente y desear su bienestar y el de cada una de las familias que forman nuestra Comunidad San Jos\u00e9, compartimos algunas informaciones importantes: \uf0b7 Durante este \u00faltimo per\u00edodo (cierre del a\u00f1o escolar), es decir a partir de ma\u00f1ana mi\u00e9rcoles 29 de noviembre hasta el lunes 11 de diciembre, los cursos de 3ro&nbsp;<a href=\"http:\/\/www.laprovidenciarecoleta.cl\/inicio\/informaciones-termino-de-ano-escolar\/\">&hellip;<\/a><\/p>\n","protected":false},"author":6,"featured_media":4450,"comment_status":"closed","ping_status":"closed","sticky":false,"template":"","format":"standard","meta":{"footnotes":""},"categories":[113],"tags":[],"_links":{"self":[{"href":"http:\/\/www.laprovidenciarecoleta.cl\/inicio\/wp-json\/wp\/v2\/posts\/14701"}],"collection":[{"href":"http:\/\/www.laprovidenciarecoleta.cl\/inicio\/wp-json\/wp\/v2\/posts"}],"about":[{"href":"http:\/\/www.laprovidenciarecoleta.cl\/inicio\/wp-json\/wp\/v2\/types\/post"}],"author":[{"embeddable":true,"href":"http:\/\/www.laprovidenciarecoleta.cl\/inicio\/wp-json\/wp\/v2\/users\/6"}],"replies":[{"embeddable":true,"href":"http:\/\/www.laprovidenciarecoleta.cl\/inicio\/wp-json\/wp\/v2\/comments?post=14701"}],"version-history":[{"count":1,"href":"http:\/\/www.laprovidenciarecoleta.cl\/inicio\/wp-json\/wp\/v2\/posts\/14701\/revisions"}],"predecessor-version":[{"id":14702,"href":"http:\/\/www.laprovidenciarecoleta.cl\/inicio\/wp-json\/wp\/v2\/posts\/14701\/revisions\/14702"}],"wp:featuredmedia":[{"embeddable":true,"href":"http:\/\/www.laprovidenciarecoleta.cl\/inicio\/wp-json\/wp\/v2\/media\/4450"}],"wp:attachment":[{"href":"http:\/\/www.laprovidenciarecoleta.cl\/inicio\/wp-json\/wp\/v2\/media?parent=14701"}],"wp:term":[{"taxonomy":"category","embeddable":true,"href":"http:\/\/www.laprovidenciarecoleta.cl\/inicio\/wp-json\/wp\/v2\/categories?post=14701"},{"taxonomy":"post_tag","embeddable":true,"href":"http:\/\/www.laprovidenciarecoleta.cl\/inicio\/wp-json\/wp\/v2\/tags?post=14701"}],"curies":[{"name":"wp","href":"https:\/\/api.w.org\/{rel}","templated":true}]}}