{"id":14694,"date":"2023-11-21T20:53:43","date_gmt":"2023-11-21T23:53:43","guid":{"rendered":"https:\/\/www.laprovidenciarecoleta.cl\/inicio\/?p=14694"},"modified":"2023-11-21T21:03:01","modified_gmt":"2023-11-22T00:03:01","slug":"bases-administrativas-y-tecnicas-area-pedagogica","status":"publish","type":"post","link":"http:\/\/www.laprovidenciarecoleta.cl\/inicio\/bases-administrativas-y-tecnicas-area-pedagogica\/","title":{"rendered":"Bases administrativas y t\u00e9cnicas \u00e1rea pedag\u00f3gica"},"content":{"rendered":"<p><a href=\"http:\/\/www.laprovidenciarecoleta.cl\/inicio\/wp-content\/uploads\/2023\/11\/Bases-administrativas-y-tecnicas-area-pedagogica.pdf\" target=\"_blank\" rel=\"noopener\">Bases administrativas y t\u00e9cnicas \u00e1rea pedag\u00f3gica<\/a><\/p>\n<p>&nbsp;<\/p>\n","protected":false},"excerpt":{"rendered":"<p>Bases administrativas y t\u00e9cnicas \u00e1rea pedag\u00f3gica &nbsp;<\/p>\n","protected":false},"author":6,"featured_media":4450,"comment_status":"closed","ping_status":"closed","sticky":false,"template":"","format":"standard","meta":{"footnotes":""},"categories":[113],"tags":[],"_links":{"self":[{"href":"http:\/\/www.laprovidenciarecoleta.cl\/inicio\/wp-json\/wp\/v2\/posts\/14694"}],"collection":[{"href":"http:\/\/www.laprovidenciarecoleta.cl\/inicio\/wp-json\/wp\/v2\/posts"}],"about":[{"href":"http:\/\/www.laprovidenciarecoleta.cl\/inicio\/wp-json\/wp\/v2\/types\/post"}],"author":[{"embeddable":true,"href":"http:\/\/www.laprovidenciarecoleta.cl\/inicio\/wp-json\/wp\/v2\/users\/6"}],"replies":[{"embeddable":true,"href":"http:\/\/www.laprovidenciarecoleta.cl\/inicio\/wp-json\/wp\/v2\/comments?post=14694"}],"version-history":[{"count":4,"href":"http:\/\/www.laprovidenciarecoleta.cl\/inicio\/wp-json\/wp\/v2\/posts\/14694\/revisions"}],"predecessor-version":[{"id":14700,"href":"http:\/\/www.laprovidenciarecoleta.cl\/inicio\/wp-json\/wp\/v2\/posts\/14694\/revisions\/14700"}],"wp:featuredmedia":[{"embeddable":true,"href":"http:\/\/www.laprovidenciarecoleta.cl\/inicio\/wp-json\/wp\/v2\/media\/4450"}],"wp:attachment":[{"href":"http:\/\/www.laprovidenciarecoleta.cl\/inicio\/wp-json\/wp\/v2\/media?parent=14694"}],"wp:term":[{"taxonomy":"category","embeddable":true,"href":"http:\/\/www.laprovidenciarecoleta.cl\/inicio\/wp-json\/wp\/v2\/categories?post=14694"},{"taxonomy":"post_tag","embeddable":true,"href":"http:\/\/www.laprovidenciarecoleta.cl\/inicio\/wp-json\/wp\/v2\/tags?post=14694"}],"curies":[{"name":"wp","href":"https:\/\/api.w.org\/{rel}","templated":true}]}}