{"id":14653,"date":"2023-11-13T09:19:09","date_gmt":"2023-11-13T12:19:09","guid":{"rendered":"https:\/\/www.laprovidenciarecoleta.cl\/inicio\/?p=14653"},"modified":"2023-11-14T09:24:56","modified_gmt":"2023-11-14T12:24:56","slug":"en-el-dia-mundial-de-la-salud-mental-realizamos-charla-formativa-con-nuestros-profesores-y-asistentes","status":"publish","type":"post","link":"http:\/\/www.laprovidenciarecoleta.cl\/inicio\/en-el-dia-mundial-de-la-salud-mental-realizamos-charla-formativa-con-nuestros-profesores-y-asistentes\/","title":{"rendered":"En el d\u00eda mundial de la salud mental, realizamos charla formativa con nuestros profesores y asistentes"},"content":{"rendered":"<p>El martes 10 de octubre en horario de consejo de profesores realizamos una charla formativa para\u00a0 docentes, equipo PIE, enfermera, asistentes de aula y equipo directivo. La tem\u00e1tica expuesta se enfoc\u00f3 en <strong>la Salud mental en adolescentes<\/strong>, dicha actividad fue organizada por el equipo de Convivencia Escolar.<\/p>\n<p>Algunos de los aspectos abordados en esta sesi\u00f3n\u00a0 fueron:<\/p>\n<ul>\n<li>epidemiolog\u00eda de salud mental en adolescentes en Chile,<\/li>\n<li>mitos sobre salud mental y suicidio,<\/li>\n<li>ideaci\u00f3n suicida, intento suicida, suicidio consumado,<\/li>\n<li>c\u00f3mo reconocer el riesgo suicida,<\/li>\n<li>que hacer frente a una sospecha de riesgo suicida,<\/li>\n<li>estrategias de prevenci\u00f3n del suicidio adolescente.<\/li>\n<\/ul>\n<p>En esta oportunidad, la charla fue dictada por\u00a0 cinco internos de\u00a0 medicina de la universidad de Los Andes, asesorados por la Doctora Cecilia L\u00f3pez. El contacto lo realizamos a trav\u00e9s del\u00a0 Policl\u00ednico El Salto, ubicado en Antonia Prado 199, Recoleta . Cabe destacar que el Policlinico el Salto es una instituci\u00f3n de nuestra red de apoyo; este centro m\u00e9dico ofrece variados servicios a las familias del sector.<\/p>\n<p>quienes a trav\u00e9s de la presentaci\u00f3n fueron<\/p>\n<p>La presentaci\u00f3n por parte de estos profesionales fue\u00a0 aclarando y enfatizando aspectos centrales que las comunidades educativas debemos abordar en caso de intento de suicidio por parte de estudiantes. por lo que nos ayud\u00f3 a\u00a0 esclarecer mitos, tabues\u00a0 y\u00a0 tambi\u00e9n\u00a0 identificar los factores de riesgo y de protecci\u00f3n asociados\u00a0a este delicado tema de salud mental en los estudiantes, como tambi\u00e9n el desaf\u00edo de ir actualizando el protocolo de actuaci\u00f3n de Conductas autolesivas.<\/p>\n<p>Como comunidad educativa San Jos\u00e9\u00a0 deseamos continuar form\u00e1ndonos en tem\u00e1ticas emergentes y as\u00ed\u00a0 ir mejorando el servicio a los ni\u00f1os, ni\u00f1as y j\u00f3venes de nuestro establecimiento. <strong>\u201c<em>Es esencial la promoci\u00f3n de la participaci\u00f3n de la comunidad, ya que si no hay no habr\u00e1 comunidad. La participaci\u00f3n involucra, compromete y responsabiliza\u201d<\/em> PEI, p\u00e1g. 25.<\/strong><\/p>\n\n\t\t<style type=\"text\/css\">\n\t\t\t#gallery-1 {\n\t\t\t\tmargin: auto;\n\t\t\t}\n\t\t\t#gallery-1 .gallery-item {\n\t\t\t\tfloat: left;\n\t\t\t\tmargin-top: 10px;\n\t\t\t\ttext-align: center;\n\t\t\t\twidth: 100%;\n\t\t\t}\n\t\t\t#gallery-1 img {\n\t\t\t\tborder: 2px solid #cfcfcf;\n\t\t\t}\n\t\t\t#gallery-1 .gallery-caption {\n\t\t\t\tmargin-left: 0;\n\t\t\t}\n\t\t\t\/* see gallery_shortcode() in wp-includes\/media.php *\/\n\t\t<\/style>\n\t\t<div id='gallery-1' class='gallery galleryid-14653 gallery-columns-1 gallery-size-large'><dl class='gallery-item'>\n\t\t\t<dt class='gallery-icon landscape'>\n\t\t\t\t<a href='http:\/\/www.laprovidenciarecoleta.cl\/inicio\/wp-content\/uploads\/2023\/11\/20231010_161038-scaled.jpg'><img loading=\"lazy\" decoding=\"async\" width=\"1024\" height=\"576\" src=\"http:\/\/www.laprovidenciarecoleta.cl\/inicio\/wp-content\/uploads\/2023\/11\/20231010_161038-scaled-1024x576.jpg\" class=\"attachment-large size-large\" alt=\"\" srcset=\"http:\/\/www.laprovidenciarecoleta.cl\/inicio\/wp-content\/uploads\/2023\/11\/20231010_161038-scaled-1024x576.jpg 1024w, http:\/\/www.laprovidenciarecoleta.cl\/inicio\/wp-content\/uploads\/2023\/11\/20231010_161038-scaled-300x169.jpg 300w, http:\/\/www.laprovidenciarecoleta.cl\/inicio\/wp-content\/uploads\/2023\/11\/20231010_161038-scaled-150x84.jpg 150w\" sizes=\"(max-width: 1024px) 100vw, 1024px\" \/><\/a>\n\t\t\t<\/dt><\/dl><br style=\"clear: both\" \/><dl class='gallery-item'>\n\t\t\t<dt class='gallery-icon landscape'>\n\t\t\t\t<a href='http:\/\/www.laprovidenciarecoleta.cl\/inicio\/wp-content\/uploads\/2023\/11\/20231010_161126-scaled.jpg'><img loading=\"lazy\" decoding=\"async\" width=\"1024\" height=\"576\" src=\"http:\/\/www.laprovidenciarecoleta.cl\/inicio\/wp-content\/uploads\/2023\/11\/20231010_161126-scaled-1024x576.jpg\" class=\"attachment-large size-large\" alt=\"\" srcset=\"http:\/\/www.laprovidenciarecoleta.cl\/inicio\/wp-content\/uploads\/2023\/11\/20231010_161126-scaled-1024x576.jpg 1024w, http:\/\/www.laprovidenciarecoleta.cl\/inicio\/wp-content\/uploads\/2023\/11\/20231010_161126-scaled-300x169.jpg 300w\" sizes=\"(max-width: 1024px) 100vw, 1024px\" \/><\/a>\n\t\t\t<\/dt><\/dl><br style=\"clear: both\" \/><dl class='gallery-item'>\n\t\t\t<dt class='gallery-icon landscape'>\n\t\t\t\t<a href='http:\/\/www.laprovidenciarecoleta.cl\/inicio\/wp-content\/uploads\/2023\/11\/20231010_161634-scaled.jpg'><img loading=\"lazy\" decoding=\"async\" width=\"1024\" height=\"576\" src=\"http:\/\/www.laprovidenciarecoleta.cl\/inicio\/wp-content\/uploads\/2023\/11\/20231010_161634-scaled-1024x576.jpg\" class=\"attachment-large size-large\" alt=\"\" srcset=\"http:\/\/www.laprovidenciarecoleta.cl\/inicio\/wp-content\/uploads\/2023\/11\/20231010_161634-scaled-1024x576.jpg 1024w, http:\/\/www.laprovidenciarecoleta.cl\/inicio\/wp-content\/uploads\/2023\/11\/20231010_161634-scaled-300x169.jpg 300w\" sizes=\"(max-width: 1024px) 100vw, 1024px\" \/><\/a>\n\t\t\t<\/dt><\/dl><br style=\"clear: both\" \/><dl class='gallery-item'>\n\t\t\t<dt class='gallery-icon landscape'>\n\t\t\t\t<a href='http:\/\/www.laprovidenciarecoleta.cl\/inicio\/wp-content\/uploads\/2023\/11\/20231010_161909-scaled.jpg'><img loading=\"lazy\" decoding=\"async\" width=\"1024\" height=\"576\" src=\"http:\/\/www.laprovidenciarecoleta.cl\/inicio\/wp-content\/uploads\/2023\/11\/20231010_161909-scaled-1024x576.jpg\" class=\"attachment-large size-large\" alt=\"\" srcset=\"http:\/\/www.laprovidenciarecoleta.cl\/inicio\/wp-content\/uploads\/2023\/11\/20231010_161909-scaled-1024x576.jpg 1024w, http:\/\/www.laprovidenciarecoleta.cl\/inicio\/wp-content\/uploads\/2023\/11\/20231010_161909-scaled-300x169.jpg 300w\" sizes=\"(max-width: 1024px) 100vw, 1024px\" \/><\/a>\n\t\t\t<\/dt><\/dl><br style=\"clear: both\" \/><dl class='gallery-item'>\n\t\t\t<dt class='gallery-icon landscape'>\n\t\t\t\t<a href='http:\/\/www.laprovidenciarecoleta.cl\/inicio\/wp-content\/uploads\/2023\/11\/20231010_162354-scaled.jpg'><img loading=\"lazy\" decoding=\"async\" width=\"1024\" height=\"576\" src=\"http:\/\/www.laprovidenciarecoleta.cl\/inicio\/wp-content\/uploads\/2023\/11\/20231010_162354-scaled-1024x576.jpg\" class=\"attachment-large size-large\" alt=\"\" srcset=\"http:\/\/www.laprovidenciarecoleta.cl\/inicio\/wp-content\/uploads\/2023\/11\/20231010_162354-scaled-1024x576.jpg 1024w, http:\/\/www.laprovidenciarecoleta.cl\/inicio\/wp-content\/uploads\/2023\/11\/20231010_162354-scaled-300x169.jpg 300w\" sizes=\"(max-width: 1024px) 100vw, 1024px\" \/><\/a>\n\t\t\t<\/dt><\/dl><br style=\"clear: both\" \/><dl class='gallery-item'>\n\t\t\t<dt class='gallery-icon landscape'>\n\t\t\t\t<a href='http:\/\/www.laprovidenciarecoleta.cl\/inicio\/wp-content\/uploads\/2023\/11\/20231010_163804-scaled.jpg'><img loading=\"lazy\" decoding=\"async\" width=\"1024\" height=\"576\" src=\"http:\/\/www.laprovidenciarecoleta.cl\/inicio\/wp-content\/uploads\/2023\/11\/20231010_163804-scaled-1024x576.jpg\" class=\"attachment-large size-large\" alt=\"\" srcset=\"http:\/\/www.laprovidenciarecoleta.cl\/inicio\/wp-content\/uploads\/2023\/11\/20231010_163804-scaled-1024x576.jpg 1024w, http:\/\/www.laprovidenciarecoleta.cl\/inicio\/wp-content\/uploads\/2023\/11\/20231010_163804-scaled-300x169.jpg 300w\" sizes=\"(max-width: 1024px) 100vw, 1024px\" \/><\/a>\n\t\t\t<\/dt><\/dl><br style=\"clear: both\" \/><dl class='gallery-item'>\n\t\t\t<dt class='gallery-icon landscape'>\n\t\t\t\t<a href='http:\/\/www.laprovidenciarecoleta.cl\/inicio\/wp-content\/uploads\/2023\/11\/20231010_164517-scaled.jpg'><img loading=\"lazy\" decoding=\"async\" width=\"1024\" height=\"576\" src=\"http:\/\/www.laprovidenciarecoleta.cl\/inicio\/wp-content\/uploads\/2023\/11\/20231010_164517-scaled-1024x576.jpg\" class=\"attachment-large size-large\" alt=\"\" srcset=\"http:\/\/www.laprovidenciarecoleta.cl\/inicio\/wp-content\/uploads\/2023\/11\/20231010_164517-scaled-1024x576.jpg 1024w, http:\/\/www.laprovidenciarecoleta.cl\/inicio\/wp-content\/uploads\/2023\/11\/20231010_164517-scaled-300x169.jpg 300w\" sizes=\"(max-width: 1024px) 100vw, 1024px\" \/><\/a>\n\t\t\t<\/dt><\/dl><br style=\"clear: both\" \/><dl class='gallery-item'>\n\t\t\t<dt class='gallery-icon landscape'>\n\t\t\t\t<a href='http:\/\/www.laprovidenciarecoleta.cl\/inicio\/wp-content\/uploads\/2023\/11\/20231010_164635-scaled.jpg'><img loading=\"lazy\" decoding=\"async\" width=\"1024\" height=\"576\" src=\"http:\/\/www.laprovidenciarecoleta.cl\/inicio\/wp-content\/uploads\/2023\/11\/20231010_164635-scaled-1024x576.jpg\" class=\"attachment-large size-large\" alt=\"\" srcset=\"http:\/\/www.laprovidenciarecoleta.cl\/inicio\/wp-content\/uploads\/2023\/11\/20231010_164635-scaled-1024x576.jpg 1024w, http:\/\/www.laprovidenciarecoleta.cl\/inicio\/wp-content\/uploads\/2023\/11\/20231010_164635-scaled-300x169.jpg 300w\" sizes=\"(max-width: 1024px) 100vw, 1024px\" \/><\/a>\n\t\t\t<\/dt><\/dl><br style=\"clear: both\" \/><dl class='gallery-item'>\n\t\t\t<dt class='gallery-icon landscape'>\n\t\t\t\t<a href='http:\/\/www.laprovidenciarecoleta.cl\/inicio\/wp-content\/uploads\/2023\/11\/20231010_165441-scaled.jpg'><img loading=\"lazy\" decoding=\"async\" width=\"1024\" height=\"576\" src=\"http:\/\/www.laprovidenciarecoleta.cl\/inicio\/wp-content\/uploads\/2023\/11\/20231010_165441-scaled-1024x576.jpg\" class=\"attachment-large size-large\" alt=\"\" srcset=\"http:\/\/www.laprovidenciarecoleta.cl\/inicio\/wp-content\/uploads\/2023\/11\/20231010_165441-scaled-1024x576.jpg 1024w, http:\/\/www.laprovidenciarecoleta.cl\/inicio\/wp-content\/uploads\/2023\/11\/20231010_165441-scaled-300x169.jpg 300w\" sizes=\"(max-width: 1024px) 100vw, 1024px\" \/><\/a>\n\t\t\t<\/dt><\/dl><br style=\"clear: both\" \/><dl class='gallery-item'>\n\t\t\t<dt class='gallery-icon landscape'>\n\t\t\t\t<a href='http:\/\/www.laprovidenciarecoleta.cl\/inicio\/wp-content\/uploads\/2023\/11\/20231010_165957-scaled.jpg'><img loading=\"lazy\" decoding=\"async\" width=\"1024\" height=\"576\" src=\"http:\/\/www.laprovidenciarecoleta.cl\/inicio\/wp-content\/uploads\/2023\/11\/20231010_165957-scaled-1024x576.jpg\" class=\"attachment-large size-large\" alt=\"\" srcset=\"http:\/\/www.laprovidenciarecoleta.cl\/inicio\/wp-content\/uploads\/2023\/11\/20231010_165957-scaled-1024x576.jpg 1024w, http:\/\/www.laprovidenciarecoleta.cl\/inicio\/wp-content\/uploads\/2023\/11\/20231010_165957-scaled-300x169.jpg 300w\" sizes=\"(max-width: 1024px) 100vw, 1024px\" \/><\/a>\n\t\t\t<\/dt><\/dl><br style=\"clear: both\" \/><dl class='gallery-item'>\n\t\t\t<dt class='gallery-icon landscape'>\n\t\t\t\t<a href='http:\/\/www.laprovidenciarecoleta.cl\/inicio\/wp-content\/uploads\/2023\/11\/20231010_170226-scaled.jpg'><img loading=\"lazy\" decoding=\"async\" width=\"1024\" height=\"576\" src=\"http:\/\/www.laprovidenciarecoleta.cl\/inicio\/wp-content\/uploads\/2023\/11\/20231010_170226-scaled-1024x576.jpg\" class=\"attachment-large size-large\" alt=\"\" srcset=\"http:\/\/www.laprovidenciarecoleta.cl\/inicio\/wp-content\/uploads\/2023\/11\/20231010_170226-scaled-1024x576.jpg 1024w, http:\/\/www.laprovidenciarecoleta.cl\/inicio\/wp-content\/uploads\/2023\/11\/20231010_170226-scaled-300x169.jpg 300w\" sizes=\"(max-width: 1024px) 100vw, 1024px\" \/><\/a>\n\t\t\t<\/dt><\/dl><br style=\"clear: both\" \/><dl class='gallery-item'>\n\t\t\t<dt class='gallery-icon landscape'>\n\t\t\t\t<a href='http:\/\/www.laprovidenciarecoleta.cl\/inicio\/wp-content\/uploads\/2023\/11\/20231010_170313-scaled.jpg'><img loading=\"lazy\" decoding=\"async\" width=\"1024\" height=\"576\" src=\"http:\/\/www.laprovidenciarecoleta.cl\/inicio\/wp-content\/uploads\/2023\/11\/20231010_170313-scaled-1024x576.jpg\" class=\"attachment-large size-large\" alt=\"\" srcset=\"http:\/\/www.laprovidenciarecoleta.cl\/inicio\/wp-content\/uploads\/2023\/11\/20231010_170313-scaled-1024x576.jpg 1024w, http:\/\/www.laprovidenciarecoleta.cl\/inicio\/wp-content\/uploads\/2023\/11\/20231010_170313-scaled-300x169.jpg 300w\" sizes=\"(max-width: 1024px) 100vw, 1024px\" \/><\/a>\n\t\t\t<\/dt><\/dl><br style=\"clear: both\" \/>\n\t\t<\/div>\n\n","protected":false},"excerpt":{"rendered":"<p>El martes 10 de octubre en horario de consejo de profesores realizamos una charla formativa para\u00a0 docentes, equipo PIE, enfermera, asistentes de aula y equipo directivo. La tem\u00e1tica expuesta se enfoc\u00f3 en la Salud mental en adolescentes, dicha actividad fue organizada por el equipo de Convivencia Escolar. Algunos de los aspectos abordados en esta sesi\u00f3n\u00a0 fueron: epidemiolog\u00eda de salud mental&nbsp;<a href=\"http:\/\/www.laprovidenciarecoleta.cl\/inicio\/en-el-dia-mundial-de-la-salud-mental-realizamos-charla-formativa-con-nuestros-profesores-y-asistentes\/\">&hellip;<\/a><\/p>\n","protected":false},"author":6,"featured_media":14655,"comment_status":"closed","ping_status":"closed","sticky":false,"template":"","format":"standard","meta":{"footnotes":""},"categories":[16],"tags":[],"_links":{"self":[{"href":"http:\/\/www.laprovidenciarecoleta.cl\/inicio\/wp-json\/wp\/v2\/posts\/14653"}],"collection":[{"href":"http:\/\/www.laprovidenciarecoleta.cl\/inicio\/wp-json\/wp\/v2\/posts"}],"about":[{"href":"http:\/\/www.laprovidenciarecoleta.cl\/inicio\/wp-json\/wp\/v2\/types\/post"}],"author":[{"embeddable":true,"href":"http:\/\/www.laprovidenciarecoleta.cl\/inicio\/wp-json\/wp\/v2\/users\/6"}],"replies":[{"embeddable":true,"href":"http:\/\/www.laprovidenciarecoleta.cl\/inicio\/wp-json\/wp\/v2\/comments?post=14653"}],"version-history":[{"count":2,"href":"http:\/\/www.laprovidenciarecoleta.cl\/inicio\/wp-json\/wp\/v2\/posts\/14653\/revisions"}],"predecessor-version":[{"id":14667,"href":"http:\/\/www.laprovidenciarecoleta.cl\/inicio\/wp-json\/wp\/v2\/posts\/14653\/revisions\/14667"}],"wp:featuredmedia":[{"embeddable":true,"href":"http:\/\/www.laprovidenciarecoleta.cl\/inicio\/wp-json\/wp\/v2\/media\/14655"}],"wp:attachment":[{"href":"http:\/\/www.laprovidenciarecoleta.cl\/inicio\/wp-json\/wp\/v2\/media?parent=14653"}],"wp:term":[{"taxonomy":"category","embeddable":true,"href":"http:\/\/www.laprovidenciarecoleta.cl\/inicio\/wp-json\/wp\/v2\/categories?post=14653"},{"taxonomy":"post_tag","embeddable":true,"href":"http:\/\/www.laprovidenciarecoleta.cl\/inicio\/wp-json\/wp\/v2\/tags?post=14653"}],"curies":[{"name":"wp","href":"https:\/\/api.w.org\/{rel}","templated":true}]}}