{"id":14641,"date":"2023-11-02T23:58:18","date_gmt":"2023-11-03T02:58:18","guid":{"rendered":"https:\/\/www.laprovidenciarecoleta.cl\/inicio\/?p=14641"},"modified":"2023-11-03T00:12:22","modified_gmt":"2023-11-03T03:12:22","slug":"con-motivo-del-dia-de-todos-los-fieles-difuntos-visitamos-mausoleo-de-las-hermanas-de-la-providencia","status":"publish","type":"post","link":"http:\/\/www.laprovidenciarecoleta.cl\/inicio\/con-motivo-del-dia-de-todos-los-fieles-difuntos-visitamos-mausoleo-de-las-hermanas-de-la-providencia\/","title":{"rendered":"Con motivo del d\u00eda de todos los Fieles Difuntos, visitamos mausoleo de las Hermanas de la Providencia"},"content":{"rendered":"<p><a href=\"http:\/\/www.laprovidenciarecoleta.cl\/inicio\/wp-content\/uploads\/2023\/11\/2023-11-02-a-las-12.13.09.jpg\"><img loading=\"lazy\" decoding=\"async\" class=\"aligncenter size-large wp-image-14643\" src=\"http:\/\/www.laprovidenciarecoleta.cl\/inicio\/wp-content\/uploads\/2023\/11\/2023-11-02-a-las-12.13.09-1024x768.jpg\" alt=\"\" width=\"1024\" height=\"768\" srcset=\"http:\/\/www.laprovidenciarecoleta.cl\/inicio\/wp-content\/uploads\/2023\/11\/2023-11-02-a-las-12.13.09-1024x768.jpg 1024w, http:\/\/www.laprovidenciarecoleta.cl\/inicio\/wp-content\/uploads\/2023\/11\/2023-11-02-a-las-12.13.09-300x225.jpg 300w, http:\/\/www.laprovidenciarecoleta.cl\/inicio\/wp-content\/uploads\/2023\/11\/2023-11-02-a-las-12.13.09.jpg 1600w\" sizes=\"(max-width: 1024px) 100vw, 1024px\" \/><\/a> <a href=\"http:\/\/www.laprovidenciarecoleta.cl\/inicio\/wp-content\/uploads\/2023\/11\/2023-11-02-a-las-12.13.10.jpg\"><img loading=\"lazy\" decoding=\"async\" class=\"aligncenter size-large wp-image-14644\" src=\"http:\/\/www.laprovidenciarecoleta.cl\/inicio\/wp-content\/uploads\/2023\/11\/2023-11-02-a-las-12.13.10-1024x768.jpg\" alt=\"\" width=\"1024\" height=\"768\" srcset=\"http:\/\/www.laprovidenciarecoleta.cl\/inicio\/wp-content\/uploads\/2023\/11\/2023-11-02-a-las-12.13.10-1024x768.jpg 1024w, http:\/\/www.laprovidenciarecoleta.cl\/inicio\/wp-content\/uploads\/2023\/11\/2023-11-02-a-las-12.13.10-300x225.jpg 300w, http:\/\/www.laprovidenciarecoleta.cl\/inicio\/wp-content\/uploads\/2023\/11\/2023-11-02-a-las-12.13.10.jpg 1600w\" sizes=\"(max-width: 1024px) 100vw, 1024px\" \/><\/a> <a href=\"http:\/\/www.laprovidenciarecoleta.cl\/inicio\/wp-content\/uploads\/2023\/11\/2023-11-02-a-las-12.13.09_.jpg\"><img loading=\"lazy\" decoding=\"async\" class=\"aligncenter size-large wp-image-14645\" src=\"http:\/\/www.laprovidenciarecoleta.cl\/inicio\/wp-content\/uploads\/2023\/11\/2023-11-02-a-las-12.13.09_-1024x768.jpg\" alt=\"\" width=\"1024\" height=\"768\" srcset=\"http:\/\/www.laprovidenciarecoleta.cl\/inicio\/wp-content\/uploads\/2023\/11\/2023-11-02-a-las-12.13.09_-1024x768.jpg 1024w, http:\/\/www.laprovidenciarecoleta.cl\/inicio\/wp-content\/uploads\/2023\/11\/2023-11-02-a-las-12.13.09_-300x225.jpg 300w, http:\/\/www.laprovidenciarecoleta.cl\/inicio\/wp-content\/uploads\/2023\/11\/2023-11-02-a-las-12.13.09_-150x113.jpg 150w, http:\/\/www.laprovidenciarecoleta.cl\/inicio\/wp-content\/uploads\/2023\/11\/2023-11-02-a-las-12.13.09_.jpg 1600w\" sizes=\"(max-width: 1024px) 100vw, 1024px\" \/><\/a>El 2 de noviembre tiene un significado especial en el calendario de la Iglesia Cat\u00f3lica, ya que se conmemora el D\u00eda de los Fieles Difuntos y los cat\u00f3licos ofrecemos nuestras plegarias haciendo memoria agradecida hacia nuestros seres queridos que han partido a la Casa del Padre.<\/p>\n<p>En este d\u00eda, nuestras oraciones se elevaron en honor a quienes nos preceden en la muerte y para recordarles y rendir homenaje a sus vidas, un grupo de personas de nuestra comunidad escolar asisti\u00f3 al Cementerio Cat\u00f3lico para orar en el Mausoleo de las Hermanas de la Providencia por todos los difuntos de nuestra comunidad y por las religiosas difuntas que descansan en la Gloria de Dios.<\/p>\n","protected":false},"excerpt":{"rendered":"<p>El 2 de noviembre tiene un significado especial en el calendario de la Iglesia Cat\u00f3lica, ya que se conmemora el D\u00eda de los Fieles Difuntos y los cat\u00f3licos ofrecemos nuestras plegarias haciendo memoria agradecida hacia nuestros seres queridos que han partido a la Casa del Padre. En este d\u00eda, nuestras oraciones se elevaron en honor a quienes nos preceden en&nbsp;<a href=\"http:\/\/www.laprovidenciarecoleta.cl\/inicio\/con-motivo-del-dia-de-todos-los-fieles-difuntos-visitamos-mausoleo-de-las-hermanas-de-la-providencia\/\">&hellip;<\/a><\/p>\n","protected":false},"author":6,"featured_media":14645,"comment_status":"closed","ping_status":"closed","sticky":false,"template":"","format":"standard","meta":{"footnotes":""},"categories":[16],"tags":[],"_links":{"self":[{"href":"http:\/\/www.laprovidenciarecoleta.cl\/inicio\/wp-json\/wp\/v2\/posts\/14641"}],"collection":[{"href":"http:\/\/www.laprovidenciarecoleta.cl\/inicio\/wp-json\/wp\/v2\/posts"}],"about":[{"href":"http:\/\/www.laprovidenciarecoleta.cl\/inicio\/wp-json\/wp\/v2\/types\/post"}],"author":[{"embeddable":true,"href":"http:\/\/www.laprovidenciarecoleta.cl\/inicio\/wp-json\/wp\/v2\/users\/6"}],"replies":[{"embeddable":true,"href":"http:\/\/www.laprovidenciarecoleta.cl\/inicio\/wp-json\/wp\/v2\/comments?post=14641"}],"version-history":[{"count":3,"href":"http:\/\/www.laprovidenciarecoleta.cl\/inicio\/wp-json\/wp\/v2\/posts\/14641\/revisions"}],"predecessor-version":[{"id":14647,"href":"http:\/\/www.laprovidenciarecoleta.cl\/inicio\/wp-json\/wp\/v2\/posts\/14641\/revisions\/14647"}],"wp:featuredmedia":[{"embeddable":true,"href":"http:\/\/www.laprovidenciarecoleta.cl\/inicio\/wp-json\/wp\/v2\/media\/14645"}],"wp:attachment":[{"href":"http:\/\/www.laprovidenciarecoleta.cl\/inicio\/wp-json\/wp\/v2\/media?parent=14641"}],"wp:term":[{"taxonomy":"category","embeddable":true,"href":"http:\/\/www.laprovidenciarecoleta.cl\/inicio\/wp-json\/wp\/v2\/categories?post=14641"},{"taxonomy":"post_tag","embeddable":true,"href":"http:\/\/www.laprovidenciarecoleta.cl\/inicio\/wp-json\/wp\/v2\/tags?post=14641"}],"curies":[{"name":"wp","href":"https:\/\/api.w.org\/{rel}","templated":true}]}}