{"id":14602,"date":"2023-09-12T08:22:53","date_gmt":"2023-09-12T11:22:53","guid":{"rendered":"http:\/\/www.laprovidenciarecoleta.cl\/inicio\/?p=14602"},"modified":"2023-10-03T10:18:17","modified_gmt":"2023-10-03T13:18:17","slug":"con-el-lema-las-obras-de-dios-se-forman-poco-a-poco-vivimos-nuestras-celebraciones-durante-el-mes-de-la-providencia","status":"publish","type":"post","link":"http:\/\/www.laprovidenciarecoleta.cl\/inicio\/con-el-lema-las-obras-de-dios-se-forman-poco-a-poco-vivimos-nuestras-celebraciones-durante-el-mes-de-la-providencia\/","title":{"rendered":"Con el lema \u201cLas obras de Dios se forman poco a poco\u201d, vivimos nuestras celebraciones durante el mes de la providencia"},"content":{"rendered":"<p style=\"font-weight: 400;\">Durante agosto, realizamos diversas actividades que nos ayudaron a comprender el carisma y el legado de madre Bernarda Morin, a quien recordamos y agradecemos su entrega y compromiso en bien de los m\u00e1s necesitados de nuestro territorio.<\/p>\n<p style=\"font-weight: 400;\">Comenzamos el mes\u00a0 con una oraci\u00f3n, momento en que nos reunimos como comunidad en el patio de nuestra\u00a0 escuela; \u00a0all\u00ed se present\u00f3 el lema, se dieron a conocer las actividades, motivando a nuestros estudiantes a participar en las olimpiadas de conocimientos y \u00a0la creaci\u00f3n del diario mural en \u00a0cada sala, en torno a\u00a0 la vida y obra de madre Bernarda, as\u00ed como tambi\u00e9n en el compromiso para aportar a la campa\u00f1a solidaria en beneficio del hogar de ancianas San Jos\u00e9, consistente en la donaci\u00f3n de leche en polvo semidescremada sin lactosa.<\/p>\n<p style=\"font-weight: 400;\">El martes 22 de agosto realizamos un encuentro con todos los funcionarios, dedicando esa tarde a reflexionar, compartir una mateada y agradecer a la providencia de Dios su ternura para con nosotros. El viernes de esa semana se replic\u00f3 este momento con los estudiantes y su profesor\/ a jefe, instancia que tambi\u00e9n promovi\u00f3 el compa\u00f1erismo y el sentido de pertenencia a la escuela.<\/p>\n<p style=\"font-weight: 400;\">Finalizamos el jueves 31, con una celebraci\u00f3n eucar\u00edstica para agradecer a Dios la vida y obra de Madre Bernarda, misa que fue celebrada por Monse\u00f1or Julio Larrondo y nos acompa\u00f1\u00f3 hna. Ana Georgina Rozas y Sra. Loreto Fern\u00e1ndez desde la Oficina de la Causa de Beatificaci\u00f3n de Madre Bernarda Mor\u00edn y la Sra. Yeri Contreras, representante de la Fundaci\u00f3n Educacional Escuela Providencia de Recoleta, adem\u00e1s del sr.\u00a0 Rafael Centeno quien es encargado del \u00e1rea de V\u00ednculo de la Vicar\u00eda para la Educaci\u00f3n del Arzobispado de Stgo.<\/p>\n<p style=\"font-weight: 400;\">Agradecemos a Dios la posibilidad de celebrar este legado de amor y misericordia en bien de los dem\u00e1s.\u00a0 Nuestra escuela se siente dichosa de ser parte de la familia providencia cuya espiritualidad impregna la vida de toda\u00a0la\u00a0comunidad.<\/p>\n\n\t\t<style type=\"text\/css\">\n\t\t\t#gallery-1 {\n\t\t\t\tmargin: auto;\n\t\t\t}\n\t\t\t#gallery-1 .gallery-item {\n\t\t\t\tfloat: left;\n\t\t\t\tmargin-top: 10px;\n\t\t\t\ttext-align: center;\n\t\t\t\twidth: 100%;\n\t\t\t}\n\t\t\t#gallery-1 img {\n\t\t\t\tborder: 2px solid #cfcfcf;\n\t\t\t}\n\t\t\t#gallery-1 .gallery-caption {\n\t\t\t\tmargin-left: 0;\n\t\t\t}\n\t\t\t\/* see gallery_shortcode() in wp-includes\/media.php *\/\n\t\t<\/style>\n\t\t<div id='gallery-1' class='gallery galleryid-14602 gallery-columns-1 gallery-size-large'><dl class='gallery-item'>\n\t\t\t<dt class='gallery-icon landscape'>\n\t\t\t\t<a href='http:\/\/www.laprovidenciarecoleta.cl\/inicio\/wp-content\/uploads\/2023\/10\/olimpiada-1-scaled.jpg'><img loading=\"lazy\" decoding=\"async\" width=\"1024\" height=\"446\" src=\"http:\/\/www.laprovidenciarecoleta.cl\/inicio\/wp-content\/uploads\/2023\/10\/olimpiada-1-scaled-1024x446.jpg\" class=\"attachment-large size-large\" alt=\"\" srcset=\"http:\/\/www.laprovidenciarecoleta.cl\/inicio\/wp-content\/uploads\/2023\/10\/olimpiada-1-scaled-1024x446.jpg 1024w, http:\/\/www.laprovidenciarecoleta.cl\/inicio\/wp-content\/uploads\/2023\/10\/olimpiada-1-scaled-300x131.jpg 300w, http:\/\/www.laprovidenciarecoleta.cl\/inicio\/wp-content\/uploads\/2023\/10\/olimpiada-1-scaled-150x65.jpg 150w\" sizes=\"(max-width: 1024px) 100vw, 1024px\" \/><\/a>\n\t\t\t<\/dt><\/dl><br style=\"clear: both\" \/><dl class='gallery-item'>\n\t\t\t<dt class='gallery-icon landscape'>\n\t\t\t\t<a href='http:\/\/www.laprovidenciarecoleta.cl\/inicio\/wp-content\/uploads\/2023\/10\/mateada-sj-1-scaled.jpg'><img loading=\"lazy\" decoding=\"async\" width=\"1024\" height=\"630\" src=\"http:\/\/www.laprovidenciarecoleta.cl\/inicio\/wp-content\/uploads\/2023\/10\/mateada-sj-1-scaled-1024x630.jpg\" class=\"attachment-large size-large\" alt=\"\" srcset=\"http:\/\/www.laprovidenciarecoleta.cl\/inicio\/wp-content\/uploads\/2023\/10\/mateada-sj-1-scaled-1024x630.jpg 1024w, http:\/\/www.laprovidenciarecoleta.cl\/inicio\/wp-content\/uploads\/2023\/10\/mateada-sj-1-scaled-300x185.jpg 300w\" sizes=\"(max-width: 1024px) 100vw, 1024px\" \/><\/a>\n\t\t\t<\/dt><\/dl><br style=\"clear: both\" \/><dl class='gallery-item'>\n\t\t\t<dt class='gallery-icon landscape'>\n\t\t\t\t<a href='http:\/\/www.laprovidenciarecoleta.cl\/inicio\/wp-content\/uploads\/2023\/10\/Mateada-23-1-1-scaled.jpg'><img loading=\"lazy\" decoding=\"async\" width=\"1024\" height=\"482\" src=\"http:\/\/www.laprovidenciarecoleta.cl\/inicio\/wp-content\/uploads\/2023\/10\/Mateada-23-1-1-scaled-1024x482.jpg\" class=\"attachment-large size-large\" alt=\"\" srcset=\"http:\/\/www.laprovidenciarecoleta.cl\/inicio\/wp-content\/uploads\/2023\/10\/Mateada-23-1-1-scaled-1024x482.jpg 1024w, http:\/\/www.laprovidenciarecoleta.cl\/inicio\/wp-content\/uploads\/2023\/10\/Mateada-23-1-1-scaled-300x141.jpg 300w\" sizes=\"(max-width: 1024px) 100vw, 1024px\" \/><\/a>\n\t\t\t<\/dt><\/dl><br style=\"clear: both\" \/><dl class='gallery-item'>\n\t\t\t<dt class='gallery-icon landscape'>\n\t\t\t\t<a href='http:\/\/www.laprovidenciarecoleta.cl\/inicio\/wp-content\/uploads\/2023\/10\/IMG-20230912-WA0006-1.jpg'><img loading=\"lazy\" decoding=\"async\" width=\"1024\" height=\"768\" src=\"http:\/\/www.laprovidenciarecoleta.cl\/inicio\/wp-content\/uploads\/2023\/10\/IMG-20230912-WA0006-1-1024x768.jpg\" class=\"attachment-large size-large\" alt=\"\" srcset=\"http:\/\/www.laprovidenciarecoleta.cl\/inicio\/wp-content\/uploads\/2023\/10\/IMG-20230912-WA0006-1-1024x768.jpg 1024w, http:\/\/www.laprovidenciarecoleta.cl\/inicio\/wp-content\/uploads\/2023\/10\/IMG-20230912-WA0006-1-300x225.jpg 300w, http:\/\/www.laprovidenciarecoleta.cl\/inicio\/wp-content\/uploads\/2023\/10\/IMG-20230912-WA0006-1.jpg 1600w\" sizes=\"(max-width: 1024px) 100vw, 1024px\" \/><\/a>\n\t\t\t<\/dt><\/dl><br style=\"clear: both\" \/><dl class='gallery-item'>\n\t\t\t<dt class='gallery-icon landscape'>\n\t\t\t\t<a href='http:\/\/www.laprovidenciarecoleta.cl\/inicio\/wp-content\/uploads\/2023\/10\/IMG-20230912-WA0004-1.jpg'><img loading=\"lazy\" decoding=\"async\" width=\"828\" height=\"715\" src=\"http:\/\/www.laprovidenciarecoleta.cl\/inicio\/wp-content\/uploads\/2023\/10\/IMG-20230912-WA0004-1-828x715.jpg\" class=\"attachment-large size-large\" alt=\"\" srcset=\"http:\/\/www.laprovidenciarecoleta.cl\/inicio\/wp-content\/uploads\/2023\/10\/IMG-20230912-WA0004-1.jpg 828w, http:\/\/www.laprovidenciarecoleta.cl\/inicio\/wp-content\/uploads\/2023\/10\/IMG-20230912-WA0004-1-300x259.jpg 300w\" sizes=\"(max-width: 828px) 100vw, 828px\" \/><\/a>\n\t\t\t<\/dt><\/dl><br style=\"clear: both\" \/><dl class='gallery-item'>\n\t\t\t<dt class='gallery-icon landscape'>\n\t\t\t\t<a href='http:\/\/www.laprovidenciarecoleta.cl\/inicio\/wp-content\/uploads\/2023\/10\/20230831_121101-1-scaled.jpg'><img loading=\"lazy\" decoding=\"async\" width=\"1024\" height=\"576\" src=\"http:\/\/www.laprovidenciarecoleta.cl\/inicio\/wp-content\/uploads\/2023\/10\/20230831_121101-1-scaled-1024x576.jpg\" class=\"attachment-large size-large\" alt=\"\" srcset=\"http:\/\/www.laprovidenciarecoleta.cl\/inicio\/wp-content\/uploads\/2023\/10\/20230831_121101-1-scaled-1024x576.jpg 1024w, http:\/\/www.laprovidenciarecoleta.cl\/inicio\/wp-content\/uploads\/2023\/10\/20230831_121101-1-scaled-300x169.jpg 300w\" sizes=\"(max-width: 1024px) 100vw, 1024px\" \/><\/a>\n\t\t\t<\/dt><\/dl><br style=\"clear: both\" \/><dl class='gallery-item'>\n\t\t\t<dt class='gallery-icon landscape'>\n\t\t\t\t<a href='http:\/\/www.laprovidenciarecoleta.cl\/inicio\/wp-content\/uploads\/2023\/10\/20230831_122652-1-scaled.jpg'><img loading=\"lazy\" decoding=\"async\" width=\"1024\" height=\"478\" src=\"http:\/\/www.laprovidenciarecoleta.cl\/inicio\/wp-content\/uploads\/2023\/10\/20230831_122652-1-scaled-1024x478.jpg\" class=\"attachment-large size-large\" alt=\"\" srcset=\"http:\/\/www.laprovidenciarecoleta.cl\/inicio\/wp-content\/uploads\/2023\/10\/20230831_122652-1-scaled-1024x478.jpg 1024w, http:\/\/www.laprovidenciarecoleta.cl\/inicio\/wp-content\/uploads\/2023\/10\/20230831_122652-1-scaled-300x140.jpg 300w\" sizes=\"(max-width: 1024px) 100vw, 1024px\" \/><\/a>\n\t\t\t<\/dt><\/dl><br style=\"clear: both\" \/><dl class='gallery-item'>\n\t\t\t<dt class='gallery-icon landscape'>\n\t\t\t\t<a href='http:\/\/www.laprovidenciarecoleta.cl\/inicio\/wp-content\/uploads\/2023\/10\/20230831_122227-1-scaled.jpg'><img loading=\"lazy\" decoding=\"async\" width=\"1024\" height=\"478\" src=\"http:\/\/www.laprovidenciarecoleta.cl\/inicio\/wp-content\/uploads\/2023\/10\/20230831_122227-1-scaled-1024x478.jpg\" class=\"attachment-large size-large\" alt=\"\" srcset=\"http:\/\/www.laprovidenciarecoleta.cl\/inicio\/wp-content\/uploads\/2023\/10\/20230831_122227-1-scaled-1024x478.jpg 1024w, http:\/\/www.laprovidenciarecoleta.cl\/inicio\/wp-content\/uploads\/2023\/10\/20230831_122227-1-scaled-300x140.jpg 300w\" sizes=\"(max-width: 1024px) 100vw, 1024px\" \/><\/a>\n\t\t\t<\/dt><\/dl><br style=\"clear: both\" \/><dl class='gallery-item'>\n\t\t\t<dt class='gallery-icon landscape'>\n\t\t\t\t<a href='http:\/\/www.laprovidenciarecoleta.cl\/inicio\/wp-content\/uploads\/2023\/10\/20230831_130336-1-scaled.jpg'><img loading=\"lazy\" decoding=\"async\" width=\"1024\" height=\"478\" src=\"http:\/\/www.laprovidenciarecoleta.cl\/inicio\/wp-content\/uploads\/2023\/10\/20230831_130336-1-scaled-1024x478.jpg\" class=\"attachment-large size-large\" alt=\"\" srcset=\"http:\/\/www.laprovidenciarecoleta.cl\/inicio\/wp-content\/uploads\/2023\/10\/20230831_130336-1-scaled-1024x478.jpg 1024w, http:\/\/www.laprovidenciarecoleta.cl\/inicio\/wp-content\/uploads\/2023\/10\/20230831_130336-1-scaled-300x140.jpg 300w\" sizes=\"(max-width: 1024px) 100vw, 1024px\" \/><\/a>\n\t\t\t<\/dt><\/dl><br style=\"clear: both\" \/><dl class='gallery-item'>\n\t\t\t<dt class='gallery-icon landscape'>\n\t\t\t\t<a href='http:\/\/www.laprovidenciarecoleta.cl\/inicio\/wp-content\/uploads\/2023\/10\/20230831_125801-1-scaled.jpg'><img loading=\"lazy\" decoding=\"async\" width=\"1024\" height=\"478\" src=\"http:\/\/www.laprovidenciarecoleta.cl\/inicio\/wp-content\/uploads\/2023\/10\/20230831_125801-1-scaled-1024x478.jpg\" class=\"attachment-large size-large\" alt=\"\" srcset=\"http:\/\/www.laprovidenciarecoleta.cl\/inicio\/wp-content\/uploads\/2023\/10\/20230831_125801-1-scaled-1024x478.jpg 1024w, http:\/\/www.laprovidenciarecoleta.cl\/inicio\/wp-content\/uploads\/2023\/10\/20230831_125801-1-scaled-300x140.jpg 300w\" sizes=\"(max-width: 1024px) 100vw, 1024px\" \/><\/a>\n\t\t\t<\/dt><\/dl><br style=\"clear: both\" \/><dl class='gallery-item'>\n\t\t\t<dt class='gallery-icon landscape'>\n\t\t\t\t<a href='http:\/\/www.laprovidenciarecoleta.cl\/inicio\/wp-content\/uploads\/2023\/10\/ninos2-1-scaled.jpg'><img loading=\"lazy\" decoding=\"async\" width=\"1024\" height=\"768\" src=\"http:\/\/www.laprovidenciarecoleta.cl\/inicio\/wp-content\/uploads\/2023\/10\/ninos2-1-scaled-1024x768.jpg\" class=\"attachment-large size-large\" alt=\"\" srcset=\"http:\/\/www.laprovidenciarecoleta.cl\/inicio\/wp-content\/uploads\/2023\/10\/ninos2-1-scaled-1024x768.jpg 1024w, http:\/\/www.laprovidenciarecoleta.cl\/inicio\/wp-content\/uploads\/2023\/10\/ninos2-1-scaled-300x225.jpg 300w\" sizes=\"(max-width: 1024px) 100vw, 1024px\" \/><\/a>\n\t\t\t<\/dt><\/dl><br style=\"clear: both\" \/>\n\t\t<\/div>\n\n","protected":false},"excerpt":{"rendered":"<p>Durante agosto, realizamos diversas actividades que nos ayudaron a comprender el carisma y el legado de madre Bernarda Morin, a quien recordamos y agradecemos su entrega y compromiso en bien de los m\u00e1s necesitados de nuestro territorio. Comenzamos el mes\u00a0 con una oraci\u00f3n, momento en que nos reunimos como comunidad en el patio de nuestra\u00a0 escuela; \u00a0all\u00ed se present\u00f3 el&nbsp;<a href=\"http:\/\/www.laprovidenciarecoleta.cl\/inicio\/con-el-lema-las-obras-de-dios-se-forman-poco-a-poco-vivimos-nuestras-celebraciones-durante-el-mes-de-la-providencia\/\">&hellip;<\/a><\/p>\n","protected":false},"author":6,"featured_media":14631,"comment_status":"closed","ping_status":"closed","sticky":false,"template":"","format":"standard","meta":{"footnotes":""},"categories":[16],"tags":[],"_links":{"self":[{"href":"http:\/\/www.laprovidenciarecoleta.cl\/inicio\/wp-json\/wp\/v2\/posts\/14602"}],"collection":[{"href":"http:\/\/www.laprovidenciarecoleta.cl\/inicio\/wp-json\/wp\/v2\/posts"}],"about":[{"href":"http:\/\/www.laprovidenciarecoleta.cl\/inicio\/wp-json\/wp\/v2\/types\/post"}],"author":[{"embeddable":true,"href":"http:\/\/www.laprovidenciarecoleta.cl\/inicio\/wp-json\/wp\/v2\/users\/6"}],"replies":[{"embeddable":true,"href":"http:\/\/www.laprovidenciarecoleta.cl\/inicio\/wp-json\/wp\/v2\/comments?post=14602"}],"version-history":[{"count":5,"href":"http:\/\/www.laprovidenciarecoleta.cl\/inicio\/wp-json\/wp\/v2\/posts\/14602\/revisions"}],"predecessor-version":[{"id":14637,"href":"http:\/\/www.laprovidenciarecoleta.cl\/inicio\/wp-json\/wp\/v2\/posts\/14602\/revisions\/14637"}],"wp:featuredmedia":[{"embeddable":true,"href":"http:\/\/www.laprovidenciarecoleta.cl\/inicio\/wp-json\/wp\/v2\/media\/14631"}],"wp:attachment":[{"href":"http:\/\/www.laprovidenciarecoleta.cl\/inicio\/wp-json\/wp\/v2\/media?parent=14602"}],"wp:term":[{"taxonomy":"category","embeddable":true,"href":"http:\/\/www.laprovidenciarecoleta.cl\/inicio\/wp-json\/wp\/v2\/categories?post=14602"},{"taxonomy":"post_tag","embeddable":true,"href":"http:\/\/www.laprovidenciarecoleta.cl\/inicio\/wp-json\/wp\/v2\/tags?post=14602"}],"curies":[{"name":"wp","href":"https:\/\/api.w.org\/{rel}","templated":true}]}}