{"id":14598,"date":"2023-09-03T17:33:40","date_gmt":"2023-09-03T20:33:40","guid":{"rendered":"http:\/\/www.laprovidenciarecoleta.cl\/inicio\/?p=14598"},"modified":"2023-10-03T08:38:07","modified_gmt":"2023-10-03T11:38:07","slug":"dos-estudiantes-de-nuestra-escuela-destacaron-en-el-primer-concurso-de-cuentos-ambientales-de-la-red-educacional-providencia","status":"publish","type":"post","link":"http:\/\/www.laprovidenciarecoleta.cl\/inicio\/dos-estudiantes-de-nuestra-escuela-destacaron-en-el-primer-concurso-de-cuentos-ambientales-de-la-red-educacional-providencia\/","title":{"rendered":"Dos estudiantes de nuestra escuela destacaron en el Primer Concurso de Cuentos Ambientales de la Red Educacional Providencia"},"content":{"rendered":"<p>El Equipo de Educaci\u00f3n de la provincia invit\u00f3 a todos los colegios de la red a participar del primer concurso de cuentos ambientales, con el objetivo que ni\u00f1os, ni\u00f1as, j\u00f3venes y adultos pudieran\u00a0 plasmar sus dotes literarias e imaginativas a trav\u00e9s de historias que les lleven a conocer y desear proteger la biodiversidad y los recursos ambientales.<\/p>\n<p>El concurso se llev\u00f3 adelante en junio, eligi\u00e9ndose y premi\u00e1ndose a los distintos ganadores durante agosto. Compartimos a continuaci\u00f3n los nombres de todos los galardonados:<\/p>\n<h3>Categor\u00eda 3\u00b0 a 5\u00b0 B\u00e1sico<\/h3>\n<p><strong>1.er lugar<\/strong><br \/>\nAutor: Crist\u00f3bal Ram\u00edrez Rivas<br \/>\nCurso: 5 \u00b0 B\u00e1sico B<br \/>\nInstituci\u00f3n: Colegio Providencia de Concepci\u00f3n<br \/>\nCuento: \u201c<a href=\"https:\/\/hermanasdelaprovidencia.cl\/wp-content\/uploads\/2023\/08\/1%C2%B0-lugar-Cristobal-Ramirez-Concepcion.pdf\" target=\"_blank\" rel=\"noopener\">Cuidadores del Medio Ambiente<\/a>\u201d<\/p>\n<p><strong>2.\u00b0 lugar<\/strong><br \/>\nAutor: Crist\u00f3bal Agust\u00edn Leyton Vargas<br \/>\nCurso: 4\u00b0 B\u00e1sico B<br \/>\nInstituci\u00f3n: Colegio de la Providencia Carmela Larra\u00edn de Infante de Maip\u00fa<br \/>\nCuento: \u201c<a href=\"https:\/\/hermanasdelaprovidencia.cl\/wp-content\/uploads\/2023\/08\/2%C2%B0-lugar-Cristobal-Leyton-Maipu.pdf\" target=\"_blank\" rel=\"noopener\">La aventura de la abeja Lala<\/a>\u201d<\/p>\n<p><strong>3.er lugar:<\/strong><br \/>\nAutora: Maite Rosales P\u00e9rez<br \/>\nCurso: 3\u00b0 B\u00e1sico A<br \/>\nInstituci\u00f3n: Escuela San Jos\u00e9<br \/>\nCuento: \u201c<a href=\"https:\/\/hermanasdelaprovidencia.cl\/wp-content\/uploads\/2023\/08\/3%C2%B0-lugar-Maite-Rosales-Recoleta.pdf\" target=\"_blank\" rel=\"noopener\">La Lucha por la Biodiversidad en la Escuela San Jos\u00e9: Una Aventura M\u00e1gica por el Cuidado del Planeta<\/a>\u201d<\/p>\n<hr \/>\n<h3>Categor\u00eda 6\u00b0 a 8\u00b0 B\u00e1sico<\/h3>\n<p><strong>1.er lugar<\/strong><br \/>\nAutor: Benjam\u00edn Soto<br \/>\nCurso: 7 \u00b0 B\u00e1sico B<br \/>\nInstituci\u00f3n: Escuela San Jos\u00e9<br \/>\nCuento: \u201c<a href=\"https:\/\/hermanasdelaprovidencia.cl\/wp-content\/uploads\/2023\/08\/1%C2%B0-lugar-Benjamin-Soto-Recoleta.pdf\" target=\"_blank\" rel=\"noopener\">Una casita ecol\u00f3gica<\/a>\u201d<\/p>\n<p><strong>2.\u00b0 lugar<\/strong><br \/>\nAutora: Ivannia Toro Cortez<br \/>\nCurso: 8\u00b0 B\u00e1sico B<br \/>\nInstituci\u00f3n: Colegio Providencia La Serena<br \/>\nCuento: \u201c<a href=\"https:\/\/hermanasdelaprovidencia.cl\/wp-content\/uploads\/2023\/08\/2%C2%B0-lugar-Ivania-Toro-La-Serena.pdf\" target=\"_blank\" rel=\"noopener\">Nuestro Planeta<\/a>\u201d<\/p>\n<p><strong>3.er lugar<br \/>\n<\/strong>Autora: Mar\u00eda Jos\u00e9 Jorquera<br \/>\nCurso: 6\u00b0 B\u00e1sico A<br \/>\nInstituci\u00f3n: Colegio Providencia de Linares<br \/>\nCuento: \u201c<a href=\"https:\/\/hermanasdelaprovidencia.cl\/wp-content\/uploads\/2023\/09\/El-pasto-enojado-Maria-Jose-Jorquera.pdf\" target=\"_blank\" rel=\"noopener\">El pasto enojado<\/a>\u201d<\/p>\n<hr \/>\n<h3>Categor\u00eda Educaci\u00f3n Media<\/h3>\n<p><strong>1.er lugar<\/strong><br \/>\nAutora: Siul Coronado<br \/>\nCurso: 2\u00b0 Medio B<br \/>\nInstituci\u00f3n: Centro Educacional Santa Clara<br \/>\nCuento: \u201c<a href=\"https:\/\/hermanasdelaprovidencia.cl\/wp-content\/uploads\/2023\/08\/1%C2%B0-lugar-Siul-Coronado-Sta.Clara_.pdf\" target=\"_blank\" rel=\"noopener\">El \u00e1rbol de la suerte<\/a>\u201d<\/p>\n<p><strong>2.\u00b0 lugar<\/strong><br \/>\nAutora: Antonia Robledo \u00c1valos<br \/>\nCurso: 3\u00b0 Medio<br \/>\nInstituci\u00f3n: Colegio Providencia La Serena<br \/>\nCuento: \u201c<a href=\"https:\/\/hermanasdelaprovidencia.cl\/wp-content\/uploads\/2023\/08\/2%C2%B0-lugar-Antonia-Robledo-La-Serena.pdf\" target=\"_blank\" rel=\"noopener\">Salva tu mundo<\/a>\u201d<\/p>\n<p><strong>3.er lugar<\/strong><br \/>\nAutora: Bel\u00e9n Gonz\u00e1lez Morales<br \/>\nCurso: 4\u00b0 Medio A<br \/>\nInstituci\u00f3n: Colegio Providencia de Concepci\u00f3n<br \/>\nCuento: \u201c<a href=\"https:\/\/hermanasdelaprovidencia.cl\/wp-content\/uploads\/2023\/08\/3%C2%B0-lugar-BELEN-GONZALEZ-Concepcion.pdf\" target=\"_blank\" rel=\"noopener\">Indignidad humana<\/a>\u201d<\/p>\n<hr \/>\n<h3>Categor\u00eda adultos<\/h3>\n<p><strong>1.er lugar<\/strong><br \/>\nAutora: Rossana Su\u00e1rez Cretton<br \/>\nInstituci\u00f3n: Colegio Providencia del Sagrado Coraz\u00f3n de Temuco<br \/>\nCuento: \u201c<a href=\"https:\/\/hermanasdelaprovidencia.cl\/wp-content\/uploads\/2023\/08\/1%C2%B0-lugar-Rossana-Suarez-Temuco.pdf\" target=\"_blank\" rel=\"noopener\">Cuidemos nuestra Casa Com\u00fan<\/a>\u201d<\/p>\n<p><strong>2.\u00b0 lugar<\/strong><br \/>\nAutora: Paola Patricia Araya<br \/>\nInstituci\u00f3n: Colegio Providencia de Ovalle<br \/>\nCuento: \u201c<a href=\"https:\/\/hermanasdelaprovidencia.cl\/wp-content\/uploads\/2023\/08\/2%C2%B0-lugar-Paola-Araya-OVALLE.pdf\" target=\"_blank\" rel=\"noopener\">Un mundo para respirar<\/a>\u201d<\/p>\n<p><strong>3.er lugar<\/strong><br \/>\nAutor: Carlos Opazo<br \/>\nInstituci\u00f3n: Colegio Providencia La Serena<br \/>\nCuento: \u201c<a href=\"https:\/\/hermanasdelaprovidencia.cl\/wp-content\/uploads\/2023\/08\/3%C2%B0-lugar-Carlos-Opazo-La-Serena.pdf\" target=\"_blank\" rel=\"noopener\">La magia del agua<\/a>\u201d<\/p>\n<hr \/>\n<h3>Menciones honrosas<\/h3>\n<p>Autora: Francisca Navarrete<br \/>\nCurso: 4\u00b0 Medio<br \/>\nInstituci\u00f3n: Liceo Santa Teresita de Llolleo<br \/>\nCuento: \u201c<a href=\"https:\/\/hermanasdelaprovidencia.cl\/wp-content\/uploads\/2023\/08\/Francisca-Navarrete-Llolleo.pdf\" target=\"_blank\" rel=\"noopener\">Sue\u00f1o marino<\/a>\u201d<\/p>\n<p>Autora: Maylen Curin<br \/>\nCurso: 7\u00b0 B\u00e1sico B<br \/>\nInstituci\u00f3n: Colegio Providencia del Sagrado Coraz\u00f3n de Temuco<br \/>\nCuento: \u201c<a href=\"https:\/\/hermanasdelaprovidencia.cl\/wp-content\/uploads\/2023\/08\/Maylen-Curin-Temuco.pdf\" target=\"_blank\" rel=\"noopener\">Eluney y Mankel<\/a>\u201d<\/p>\n<p>&nbsp;<\/p>\n","protected":false},"excerpt":{"rendered":"<p>El Equipo de Educaci\u00f3n de la provincia invit\u00f3 a todos los colegios de la red a participar del primer concurso de cuentos ambientales, con el objetivo que ni\u00f1os, ni\u00f1as, j\u00f3venes y adultos pudieran\u00a0 plasmar sus dotes literarias e imaginativas a trav\u00e9s de historias que les lleven a conocer y desear proteger la biodiversidad y los recursos ambientales. El concurso se&nbsp;<a href=\"http:\/\/www.laprovidenciarecoleta.cl\/inicio\/dos-estudiantes-de-nuestra-escuela-destacaron-en-el-primer-concurso-de-cuentos-ambientales-de-la-red-educacional-providencia\/\">&hellip;<\/a><\/p>\n","protected":false},"author":6,"featured_media":14599,"comment_status":"closed","ping_status":"closed","sticky":false,"template":"","format":"standard","meta":{"footnotes":""},"categories":[16],"tags":[],"_links":{"self":[{"href":"http:\/\/www.laprovidenciarecoleta.cl\/inicio\/wp-json\/wp\/v2\/posts\/14598"}],"collection":[{"href":"http:\/\/www.laprovidenciarecoleta.cl\/inicio\/wp-json\/wp\/v2\/posts"}],"about":[{"href":"http:\/\/www.laprovidenciarecoleta.cl\/inicio\/wp-json\/wp\/v2\/types\/post"}],"author":[{"embeddable":true,"href":"http:\/\/www.laprovidenciarecoleta.cl\/inicio\/wp-json\/wp\/v2\/users\/6"}],"replies":[{"embeddable":true,"href":"http:\/\/www.laprovidenciarecoleta.cl\/inicio\/wp-json\/wp\/v2\/comments?post=14598"}],"version-history":[{"count":1,"href":"http:\/\/www.laprovidenciarecoleta.cl\/inicio\/wp-json\/wp\/v2\/posts\/14598\/revisions"}],"predecessor-version":[{"id":14600,"href":"http:\/\/www.laprovidenciarecoleta.cl\/inicio\/wp-json\/wp\/v2\/posts\/14598\/revisions\/14600"}],"wp:featuredmedia":[{"embeddable":true,"href":"http:\/\/www.laprovidenciarecoleta.cl\/inicio\/wp-json\/wp\/v2\/media\/14599"}],"wp:attachment":[{"href":"http:\/\/www.laprovidenciarecoleta.cl\/inicio\/wp-json\/wp\/v2\/media?parent=14598"}],"wp:term":[{"taxonomy":"category","embeddable":true,"href":"http:\/\/www.laprovidenciarecoleta.cl\/inicio\/wp-json\/wp\/v2\/categories?post=14598"},{"taxonomy":"post_tag","embeddable":true,"href":"http:\/\/www.laprovidenciarecoleta.cl\/inicio\/wp-json\/wp\/v2\/tags?post=14598"}],"curies":[{"name":"wp","href":"https:\/\/api.w.org\/{rel}","templated":true}]}}