{"id":14587,"date":"2023-09-01T12:57:21","date_gmt":"2023-09-01T16:57:21","guid":{"rendered":"http:\/\/www.laprovidenciarecoleta.cl\/inicio\/?p=14587"},"modified":"2023-09-01T13:05:35","modified_gmt":"2023-09-01T17:05:35","slug":"santillana-invita-a-charlas-gratuitas-dirigidas-a-familias-y-apoderados","status":"publish","type":"post","link":"http:\/\/www.laprovidenciarecoleta.cl\/inicio\/santillana-invita-a-charlas-gratuitas-dirigidas-a-familias-y-apoderados\/","title":{"rendered":"Santillana invita a charlas gratuitas dirigidas a familias y apoderados"},"content":{"rendered":"<p>Estimado\/a apoderado\/a<\/p>\n<p>Junto con saludar y en conjunto con Santillana Chile queremos extenderle una <strong>invitaci\u00f3n al pr\u00f3ximo ciclo gratuito de webinars \u201cNueva Mirada Pedag\u00f3gica\u201d, dirigido especialmente a familias y apoderados<\/strong>.<\/p>\n<p>El ciclo, a realizarse <strong>entre el 7 de septiembre y el 9 de noviembre pr\u00f3ximos<\/strong>, busca ser una fuente de informaci\u00f3n y orientaci\u00f3n en temas asociados a \u00e1reas como <strong>h\u00e1bitos de estudio, convivencia digital, bienestar socioemocional y crecimiento<\/strong>, a trav\u00e9s de las exposiciones de destacados especialistas que son parte del programa Embajadores Santillana.<\/p>\n<p>Los webinars son los siguientes:<\/p>\n<p>&nbsp;<\/p>\n<table width=\"529\">\n<tbody>\n<tr>\n<td width=\"85\"><strong>Fecha<\/strong><\/td>\n<td width=\"66\"><strong>Hora<\/strong><\/td>\n<td width=\"123\"><strong>Ponente<\/strong><\/td>\n<td width=\"255\"><strong>Tema presentaci\u00f3n<\/strong><\/td>\n<\/tr>\n<tr>\n<td width=\"85\">07-09-2023<\/td>\n<td width=\"66\">19:00 a 20:00<\/td>\n<td width=\"123\">Laura Lewin<\/td>\n<td width=\"255\">\u201cLa clave para mejorar el rendimiento acad\u00e9mico de tus hijos&#8221;<\/td>\n<\/tr>\n<tr>\n<td width=\"85\">28-09-2023<\/td>\n<td width=\"66\">19:00 a 20:00<\/td>\n<td width=\"123\">Marcela Momberg<\/td>\n<td width=\"255\">&#8220;Como acompa\u00f1ar a mi hij@ en el espacio digital&#8221;<\/td>\n<\/tr>\n<tr>\n<td width=\"85\">19-10-2023<\/td>\n<td width=\"66\">19:00 a 20:00<\/td>\n<td width=\"123\">Jorge Varela<\/td>\n<td width=\"255\">&#8220;Desaf\u00edos de la familia con el desarrollo socioemocional de ni\u00f1os, ni\u00f1as y adolescentes&#8221;<\/td>\n<\/tr>\n<tr>\n<td width=\"85\">09-11-2023<\/td>\n<td width=\"66\">19:00 a 20:00<\/td>\n<td width=\"123\">Laura Lewin<\/td>\n<td width=\"255\">\u201cMentalidad de Crecimiento\u201d<\/td>\n<\/tr>\n<\/tbody>\n<\/table>\n<p>&nbsp;<\/p>\n<p>Todas las sesiones del ciclo son abiertas y sin costo, y se transmitir\u00e1n a trav\u00e9s del canal de Youtube de Santillana Chile. <strong>Para inscribirse haz clic en el siguiente <\/strong><a href=\"https:\/\/santillana.nosmuevecompartir.cl\/webinars-nueva-mirada\/?utm_source=CRM&amp;utm_medium=colegio\"><strong>enlace<\/strong><\/a><\/p>\n<p><a href=\"https:\/\/santillana.nosmuevecompartir.cl\/webinars-nueva-mirada\/?utm_source=CRM&amp;utm_medium=colegio\" target=\"_blank\" rel=\"noopener\">https:\/\/santillana.nosmuevecompartir.cl\/webinars-nueva-mirada\/?utm_source=CRM&amp;utm_medium=colegio<\/a><\/p>\n<p>&nbsp;<\/p>\n<p>\u00a1Esperamos contar con su presencia!<\/p>\n<p style=\"text-align: center;\">Un cordial saludo<\/p>\n<p style=\"text-align: center;\">Santillana Chile<\/p>\n\n\t\t<style type=\"text\/css\">\n\t\t\t#gallery-1 {\n\t\t\t\tmargin: auto;\n\t\t\t}\n\t\t\t#gallery-1 .gallery-item {\n\t\t\t\tfloat: left;\n\t\t\t\tmargin-top: 10px;\n\t\t\t\ttext-align: center;\n\t\t\t\twidth: 25%;\n\t\t\t}\n\t\t\t#gallery-1 img {\n\t\t\t\tborder: 2px solid #cfcfcf;\n\t\t\t}\n\t\t\t#gallery-1 .gallery-caption {\n\t\t\t\tmargin-left: 0;\n\t\t\t}\n\t\t\t\/* see gallery_shortcode() in wp-includes\/media.php *\/\n\t\t<\/style>\n\t\t<div id='gallery-1' class='gallery galleryid-14587 gallery-columns-4 gallery-size-medium'><dl class='gallery-item'>\n\t\t\t<dt class='gallery-icon landscape'>\n\t\t\t\t<a href='http:\/\/www.laprovidenciarecoleta.cl\/inicio\/wp-content\/uploads\/2023\/09\/371863108_734449185358691_5429952433665718477_n.jpg'><img loading=\"lazy\" decoding=\"async\" width=\"300\" height=\"300\" src=\"http:\/\/www.laprovidenciarecoleta.cl\/inicio\/wp-content\/uploads\/2023\/09\/371863108_734449185358691_5429952433665718477_n-300x300.jpg\" class=\"attachment-medium size-medium\" alt=\"\" srcset=\"http:\/\/www.laprovidenciarecoleta.cl\/inicio\/wp-content\/uploads\/2023\/09\/371863108_734449185358691_5429952433665718477_n-300x300.jpg 300w, http:\/\/www.laprovidenciarecoleta.cl\/inicio\/wp-content\/uploads\/2023\/09\/371863108_734449185358691_5429952433665718477_n-150x150.jpg 150w, http:\/\/www.laprovidenciarecoleta.cl\/inicio\/wp-content\/uploads\/2023\/09\/371863108_734449185358691_5429952433665718477_n.jpg 600w\" sizes=\"(max-width: 300px) 100vw, 300px\" \/><\/a>\n\t\t\t<\/dt><\/dl><dl class='gallery-item'>\n\t\t\t<dt class='gallery-icon landscape'>\n\t\t\t\t<a href='http:\/\/www.laprovidenciarecoleta.cl\/inicio\/wp-content\/uploads\/2023\/09\/371490342_734449212025355_9161652051456945026_n.jpg'><img loading=\"lazy\" decoding=\"async\" width=\"300\" height=\"300\" src=\"http:\/\/www.laprovidenciarecoleta.cl\/inicio\/wp-content\/uploads\/2023\/09\/371490342_734449212025355_9161652051456945026_n-300x300.jpg\" class=\"attachment-medium size-medium\" alt=\"\" srcset=\"http:\/\/www.laprovidenciarecoleta.cl\/inicio\/wp-content\/uploads\/2023\/09\/371490342_734449212025355_9161652051456945026_n-300x300.jpg 300w, http:\/\/www.laprovidenciarecoleta.cl\/inicio\/wp-content\/uploads\/2023\/09\/371490342_734449212025355_9161652051456945026_n-150x150.jpg 150w, http:\/\/www.laprovidenciarecoleta.cl\/inicio\/wp-content\/uploads\/2023\/09\/371490342_734449212025355_9161652051456945026_n.jpg 600w\" sizes=\"(max-width: 300px) 100vw, 300px\" \/><\/a>\n\t\t\t<\/dt><\/dl><dl class='gallery-item'>\n\t\t\t<dt class='gallery-icon landscape'>\n\t\t\t\t<a href='http:\/\/www.laprovidenciarecoleta.cl\/inicio\/wp-content\/uploads\/2023\/09\/371929151_734449215358688_6038743888914538949_n.jpg'><img loading=\"lazy\" decoding=\"async\" width=\"300\" height=\"300\" src=\"http:\/\/www.laprovidenciarecoleta.cl\/inicio\/wp-content\/uploads\/2023\/09\/371929151_734449215358688_6038743888914538949_n-300x300.jpg\" class=\"attachment-medium size-medium\" alt=\"\" srcset=\"http:\/\/www.laprovidenciarecoleta.cl\/inicio\/wp-content\/uploads\/2023\/09\/371929151_734449215358688_6038743888914538949_n-300x300.jpg 300w, http:\/\/www.laprovidenciarecoleta.cl\/inicio\/wp-content\/uploads\/2023\/09\/371929151_734449215358688_6038743888914538949_n-150x150.jpg 150w, http:\/\/www.laprovidenciarecoleta.cl\/inicio\/wp-content\/uploads\/2023\/09\/371929151_734449215358688_6038743888914538949_n.jpg 600w\" sizes=\"(max-width: 300px) 100vw, 300px\" \/><\/a>\n\t\t\t<\/dt><\/dl><dl class='gallery-item'>\n\t\t\t<dt class='gallery-icon landscape'>\n\t\t\t\t<a href='http:\/\/www.laprovidenciarecoleta.cl\/inicio\/wp-content\/uploads\/2023\/09\/371538225_734449142025362_1939436993973808545_n.jpg'><img loading=\"lazy\" decoding=\"async\" width=\"300\" height=\"300\" src=\"http:\/\/www.laprovidenciarecoleta.cl\/inicio\/wp-content\/uploads\/2023\/09\/371538225_734449142025362_1939436993973808545_n-300x300.jpg\" class=\"attachment-medium size-medium\" alt=\"\" srcset=\"http:\/\/www.laprovidenciarecoleta.cl\/inicio\/wp-content\/uploads\/2023\/09\/371538225_734449142025362_1939436993973808545_n-300x300.jpg 300w, http:\/\/www.laprovidenciarecoleta.cl\/inicio\/wp-content\/uploads\/2023\/09\/371538225_734449142025362_1939436993973808545_n-150x150.jpg 150w, http:\/\/www.laprovidenciarecoleta.cl\/inicio\/wp-content\/uploads\/2023\/09\/371538225_734449142025362_1939436993973808545_n.jpg 600w\" sizes=\"(max-width: 300px) 100vw, 300px\" \/><\/a>\n\t\t\t<\/dt><\/dl><br style=\"clear: both\" \/>\n\t\t<\/div>\n\n","protected":false},"excerpt":{"rendered":"<p>Estimado\/a apoderado\/a Junto con saludar y en conjunto con Santillana Chile queremos extenderle una invitaci\u00f3n al pr\u00f3ximo ciclo gratuito de webinars \u201cNueva Mirada Pedag\u00f3gica\u201d, dirigido especialmente a familias y apoderados. El ciclo, a realizarse entre el 7 de septiembre y el 9 de noviembre pr\u00f3ximos, busca ser una fuente de informaci\u00f3n y orientaci\u00f3n en temas asociados a \u00e1reas como h\u00e1bitos&nbsp;<a href=\"http:\/\/www.laprovidenciarecoleta.cl\/inicio\/santillana-invita-a-charlas-gratuitas-dirigidas-a-familias-y-apoderados\/\">&hellip;<\/a><\/p>\n","protected":false},"author":6,"featured_media":14588,"comment_status":"closed","ping_status":"closed","sticky":false,"template":"","format":"standard","meta":{"footnotes":""},"categories":[113],"tags":[],"_links":{"self":[{"href":"http:\/\/www.laprovidenciarecoleta.cl\/inicio\/wp-json\/wp\/v2\/posts\/14587"}],"collection":[{"href":"http:\/\/www.laprovidenciarecoleta.cl\/inicio\/wp-json\/wp\/v2\/posts"}],"about":[{"href":"http:\/\/www.laprovidenciarecoleta.cl\/inicio\/wp-json\/wp\/v2\/types\/post"}],"author":[{"embeddable":true,"href":"http:\/\/www.laprovidenciarecoleta.cl\/inicio\/wp-json\/wp\/v2\/users\/6"}],"replies":[{"embeddable":true,"href":"http:\/\/www.laprovidenciarecoleta.cl\/inicio\/wp-json\/wp\/v2\/comments?post=14587"}],"version-history":[{"count":5,"href":"http:\/\/www.laprovidenciarecoleta.cl\/inicio\/wp-json\/wp\/v2\/posts\/14587\/revisions"}],"predecessor-version":[{"id":14597,"href":"http:\/\/www.laprovidenciarecoleta.cl\/inicio\/wp-json\/wp\/v2\/posts\/14587\/revisions\/14597"}],"wp:featuredmedia":[{"embeddable":true,"href":"http:\/\/www.laprovidenciarecoleta.cl\/inicio\/wp-json\/wp\/v2\/media\/14588"}],"wp:attachment":[{"href":"http:\/\/www.laprovidenciarecoleta.cl\/inicio\/wp-json\/wp\/v2\/media?parent=14587"}],"wp:term":[{"taxonomy":"category","embeddable":true,"href":"http:\/\/www.laprovidenciarecoleta.cl\/inicio\/wp-json\/wp\/v2\/categories?post=14587"},{"taxonomy":"post_tag","embeddable":true,"href":"http:\/\/www.laprovidenciarecoleta.cl\/inicio\/wp-json\/wp\/v2\/tags?post=14587"}],"curies":[{"name":"wp","href":"https:\/\/api.w.org\/{rel}","templated":true}]}}