{"id":14494,"date":"2023-06-27T11:11:09","date_gmt":"2023-06-27T15:11:09","guid":{"rendered":"http:\/\/www.laprovidenciarecoleta.cl\/inicio\/?p=14494"},"modified":"2023-06-27T11:22:22","modified_gmt":"2023-06-27T15:22:22","slug":"elecciones-del-centro-de-estudiantes-2023-2024","status":"publish","type":"post","link":"http:\/\/www.laprovidenciarecoleta.cl\/inicio\/elecciones-del-centro-de-estudiantes-2023-2024\/","title":{"rendered":"Realizamos elecciones del Centro de Estudiantes periodo 2023-2024"},"content":{"rendered":"<p><span style=\"font-weight: 400;\">Durante este primer semestre escolar, se llev\u00f3 a cabo el proceso de elecci\u00f3n del Centro de Estudiantes (CEE) de nuestra escuela, para el periodo 2023-2024. Dicho espacio organizacional, tiene como objetivo representar y canalizar las demandas estudiantiles de nuestra comunidad, buscando orientar, gestionar y vincular los intereses de los compa\u00f1eros con el de nuestra instituci\u00f3n, propiciando su bienestar y el mejoramiento de su experiencia educativa.<\/span><\/p>\n<p><span style=\"font-weight: 400;\">En este sentido, en abril se concret\u00f3 una primera reuni\u00f3n en la que convocamos a las directivas de cada curso, para que pudieran hacer el llamado a postularse como candidatos y candidatas a aquellos estudiantes que estuviesen interesados en conformar el CEE. De esta manera, en mayo pudimos realizar una segunda reuni\u00f3n con los candidatos, donde se les inform\u00f3 del proceso, el objetivo a perseguir como CEE y los plazos para realizar la campa\u00f1a.\u00a0<\/span><\/p>\n<p><span style=\"font-weight: 400;\">Durante el mes de mayo, se conformaron dos listas de candidatos, A y B, cuyas consignas reflejaban importantes enfoques: la Lista A, defendiendo su inter\u00e9s en generar comunidad dentro del estudiantado; la Lista B, erigi\u00e9ndose desde la seguridad escolar. Ambas listas, relacionaron su proyecto hacia el mejoramiento de la convivencia dentro del estamento estudiantil, desarrollando propuestas que buscaron convencer a sus compa\u00f1eros a trav\u00e9s de distintas acciones: actividades recreativas y formativas, el desarrollo de una conciencia ambiental y la activaci\u00f3n de canales de comunicaci\u00f3n y expresi\u00f3n para los estudiantes.\u00a0<\/span><\/p>\n<p><span style=\"font-weight: 400;\">Los estudiantes contaron con dos semanas de campa\u00f1a, que contempl\u00f3 la creaci\u00f3n de afiches informativos sobre las propuestas de cada lista, la visita de cada lista en los cursos desde K\u00b0 a 8\u00b0 B\u00e1sico y un cierre de campa\u00f1a el d\u00eda mi\u00e9rcoles 14 de junio. Finalmente, el d\u00eda jueves 15 de junio, se produjo la jornada de votaciones para elegir al nuevo Centro de Estudiantes, saliendo ganadora, con 319 votos, la Lista A.\u00a0<\/span><\/p>\n<p><span style=\"font-weight: 400;\">Felicitamos a todas y todos los estudiantes que participaron de esta importante experiencia formativa y c\u00edvica, as\u00ed como a los estudiantes ganadores, a quienes les deseamos un excelente porvenir como los nuevos representantes de su estamento. \u00a1Enhorabuena! Que la bendici\u00f3n de Dios Padre los acompa\u00f1e en esta noble labor.<\/span><\/p>\n<p>&nbsp;<\/p>\n<p style=\"text-align: center;\">Profesora Josefina Artasa<\/p>\n<p style=\"text-align: center;\">Asesora del Centro de Estudiantes<\/p>\n<p>&nbsp;<\/p>\n<p>&nbsp;<\/p>\n\n\t\t<style type=\"text\/css\">\n\t\t\t#gallery-1 {\n\t\t\t\tmargin: auto;\n\t\t\t}\n\t\t\t#gallery-1 .gallery-item {\n\t\t\t\tfloat: left;\n\t\t\t\tmargin-top: 10px;\n\t\t\t\ttext-align: center;\n\t\t\t\twidth: 100%;\n\t\t\t}\n\t\t\t#gallery-1 img {\n\t\t\t\tborder: 2px solid #cfcfcf;\n\t\t\t}\n\t\t\t#gallery-1 .gallery-caption {\n\t\t\t\tmargin-left: 0;\n\t\t\t}\n\t\t\t\/* see gallery_shortcode() in wp-includes\/media.php *\/\n\t\t<\/style>\n\t\t<div id='gallery-1' class='gallery galleryid-14494 gallery-columns-1 gallery-size-large'><dl class='gallery-item'>\n\t\t\t<dt class='gallery-icon landscape'>\n\t\t\t\t<a href='http:\/\/www.laprovidenciarecoleta.cl\/inicio\/wp-content\/uploads\/2023\/06\/Votaciones-CCEE-2023-22.jpg'><img loading=\"lazy\" decoding=\"async\" width=\"1024\" height=\"768\" src=\"http:\/\/www.laprovidenciarecoleta.cl\/inicio\/wp-content\/uploads\/2023\/06\/Votaciones-CCEE-2023-22-1024x768.jpg\" class=\"attachment-large size-large\" alt=\"\" srcset=\"http:\/\/www.laprovidenciarecoleta.cl\/inicio\/wp-content\/uploads\/2023\/06\/Votaciones-CCEE-2023-22-1024x768.jpg 1024w, http:\/\/www.laprovidenciarecoleta.cl\/inicio\/wp-content\/uploads\/2023\/06\/Votaciones-CCEE-2023-22-300x225.jpg 300w, http:\/\/www.laprovidenciarecoleta.cl\/inicio\/wp-content\/uploads\/2023\/06\/Votaciones-CCEE-2023-22.jpg 1600w\" sizes=\"(max-width: 1024px) 100vw, 1024px\" \/><\/a>\n\t\t\t<\/dt><\/dl><br style=\"clear: both\" \/><dl class='gallery-item'>\n\t\t\t<dt class='gallery-icon landscape'>\n\t\t\t\t<a href='http:\/\/www.laprovidenciarecoleta.cl\/inicio\/wp-content\/uploads\/2023\/06\/Votaciones-CCEE-2023-1.jpg'><img loading=\"lazy\" decoding=\"async\" width=\"1024\" height=\"768\" src=\"http:\/\/www.laprovidenciarecoleta.cl\/inicio\/wp-content\/uploads\/2023\/06\/Votaciones-CCEE-2023-1-1024x768.jpg\" class=\"attachment-large size-large\" alt=\"\" srcset=\"http:\/\/www.laprovidenciarecoleta.cl\/inicio\/wp-content\/uploads\/2023\/06\/Votaciones-CCEE-2023-1-1024x768.jpg 1024w, http:\/\/www.laprovidenciarecoleta.cl\/inicio\/wp-content\/uploads\/2023\/06\/Votaciones-CCEE-2023-1-300x225.jpg 300w, http:\/\/www.laprovidenciarecoleta.cl\/inicio\/wp-content\/uploads\/2023\/06\/Votaciones-CCEE-2023-1.jpg 1600w\" sizes=\"(max-width: 1024px) 100vw, 1024px\" \/><\/a>\n\t\t\t<\/dt><\/dl><br style=\"clear: both\" \/><dl class='gallery-item'>\n\t\t\t<dt class='gallery-icon portrait'>\n\t\t\t\t<a href='http:\/\/www.laprovidenciarecoleta.cl\/inicio\/wp-content\/uploads\/2023\/06\/Votaciones-CCEE-2023-2.jpg'><img loading=\"lazy\" decoding=\"async\" width=\"768\" height=\"1024\" src=\"http:\/\/www.laprovidenciarecoleta.cl\/inicio\/wp-content\/uploads\/2023\/06\/Votaciones-CCEE-2023-2-768x1024.jpg\" class=\"attachment-large size-large\" alt=\"\" srcset=\"http:\/\/www.laprovidenciarecoleta.cl\/inicio\/wp-content\/uploads\/2023\/06\/Votaciones-CCEE-2023-2-768x1024.jpg 768w, http:\/\/www.laprovidenciarecoleta.cl\/inicio\/wp-content\/uploads\/2023\/06\/Votaciones-CCEE-2023-2-225x300.jpg 225w, http:\/\/www.laprovidenciarecoleta.cl\/inicio\/wp-content\/uploads\/2023\/06\/Votaciones-CCEE-2023-2.jpg 1200w\" sizes=\"(max-width: 768px) 100vw, 768px\" \/><\/a>\n\t\t\t<\/dt><\/dl><br style=\"clear: both\" \/><dl class='gallery-item'>\n\t\t\t<dt class='gallery-icon landscape'>\n\t\t\t\t<a href='http:\/\/www.laprovidenciarecoleta.cl\/inicio\/wp-content\/uploads\/2023\/06\/Votaciones-CCEE-2023-4.jpg'><img loading=\"lazy\" decoding=\"async\" width=\"1024\" height=\"768\" src=\"http:\/\/www.laprovidenciarecoleta.cl\/inicio\/wp-content\/uploads\/2023\/06\/Votaciones-CCEE-2023-4-1024x768.jpg\" class=\"attachment-large size-large\" alt=\"\" srcset=\"http:\/\/www.laprovidenciarecoleta.cl\/inicio\/wp-content\/uploads\/2023\/06\/Votaciones-CCEE-2023-4-1024x768.jpg 1024w, http:\/\/www.laprovidenciarecoleta.cl\/inicio\/wp-content\/uploads\/2023\/06\/Votaciones-CCEE-2023-4-300x225.jpg 300w, http:\/\/www.laprovidenciarecoleta.cl\/inicio\/wp-content\/uploads\/2023\/06\/Votaciones-CCEE-2023-4.jpg 1600w\" sizes=\"(max-width: 1024px) 100vw, 1024px\" \/><\/a>\n\t\t\t<\/dt><\/dl><br style=\"clear: both\" \/><dl class='gallery-item'>\n\t\t\t<dt class='gallery-icon landscape'>\n\t\t\t\t<a href='http:\/\/www.laprovidenciarecoleta.cl\/inicio\/wp-content\/uploads\/2023\/06\/Votaciones-CCEE-2023-3.jpg'><img loading=\"lazy\" decoding=\"async\" width=\"1024\" height=\"768\" src=\"http:\/\/www.laprovidenciarecoleta.cl\/inicio\/wp-content\/uploads\/2023\/06\/Votaciones-CCEE-2023-3-1024x768.jpg\" class=\"attachment-large size-large\" alt=\"\" srcset=\"http:\/\/www.laprovidenciarecoleta.cl\/inicio\/wp-content\/uploads\/2023\/06\/Votaciones-CCEE-2023-3-1024x768.jpg 1024w, http:\/\/www.laprovidenciarecoleta.cl\/inicio\/wp-content\/uploads\/2023\/06\/Votaciones-CCEE-2023-3-300x225.jpg 300w, http:\/\/www.laprovidenciarecoleta.cl\/inicio\/wp-content\/uploads\/2023\/06\/Votaciones-CCEE-2023-3.jpg 1600w\" sizes=\"(max-width: 1024px) 100vw, 1024px\" \/><\/a>\n\t\t\t<\/dt><\/dl><br style=\"clear: both\" \/><dl class='gallery-item'>\n\t\t\t<dt class='gallery-icon landscape'>\n\t\t\t\t<a href='http:\/\/www.laprovidenciarecoleta.cl\/inicio\/wp-content\/uploads\/2023\/06\/Votaciones-CCEE-2023-5.jpg'><img loading=\"lazy\" decoding=\"async\" width=\"1024\" height=\"768\" src=\"http:\/\/www.laprovidenciarecoleta.cl\/inicio\/wp-content\/uploads\/2023\/06\/Votaciones-CCEE-2023-5-1024x768.jpg\" class=\"attachment-large size-large\" alt=\"\" srcset=\"http:\/\/www.laprovidenciarecoleta.cl\/inicio\/wp-content\/uploads\/2023\/06\/Votaciones-CCEE-2023-5-1024x768.jpg 1024w, http:\/\/www.laprovidenciarecoleta.cl\/inicio\/wp-content\/uploads\/2023\/06\/Votaciones-CCEE-2023-5-300x225.jpg 300w, http:\/\/www.laprovidenciarecoleta.cl\/inicio\/wp-content\/uploads\/2023\/06\/Votaciones-CCEE-2023-5.jpg 1600w\" sizes=\"(max-width: 1024px) 100vw, 1024px\" \/><\/a>\n\t\t\t<\/dt><\/dl><br style=\"clear: both\" \/><dl class='gallery-item'>\n\t\t\t<dt class='gallery-icon landscape'>\n\t\t\t\t<a href='http:\/\/www.laprovidenciarecoleta.cl\/inicio\/wp-content\/uploads\/2023\/06\/Votaciones-CCEE-2023-7.jpg'><img loading=\"lazy\" decoding=\"async\" width=\"1024\" height=\"768\" src=\"http:\/\/www.laprovidenciarecoleta.cl\/inicio\/wp-content\/uploads\/2023\/06\/Votaciones-CCEE-2023-7-1024x768.jpg\" class=\"attachment-large size-large\" alt=\"\" srcset=\"http:\/\/www.laprovidenciarecoleta.cl\/inicio\/wp-content\/uploads\/2023\/06\/Votaciones-CCEE-2023-7-1024x768.jpg 1024w, http:\/\/www.laprovidenciarecoleta.cl\/inicio\/wp-content\/uploads\/2023\/06\/Votaciones-CCEE-2023-7-300x225.jpg 300w, http:\/\/www.laprovidenciarecoleta.cl\/inicio\/wp-content\/uploads\/2023\/06\/Votaciones-CCEE-2023-7.jpg 1600w\" sizes=\"(max-width: 1024px) 100vw, 1024px\" \/><\/a>\n\t\t\t<\/dt><\/dl><br style=\"clear: both\" \/><dl class='gallery-item'>\n\t\t\t<dt class='gallery-icon landscape'>\n\t\t\t\t<a href='http:\/\/www.laprovidenciarecoleta.cl\/inicio\/wp-content\/uploads\/2023\/06\/Votaciones-CCEE-2023-8.jpg'><img loading=\"lazy\" decoding=\"async\" width=\"1024\" height=\"768\" src=\"http:\/\/www.laprovidenciarecoleta.cl\/inicio\/wp-content\/uploads\/2023\/06\/Votaciones-CCEE-2023-8-1024x768.jpg\" class=\"attachment-large size-large\" alt=\"\" srcset=\"http:\/\/www.laprovidenciarecoleta.cl\/inicio\/wp-content\/uploads\/2023\/06\/Votaciones-CCEE-2023-8-1024x768.jpg 1024w, http:\/\/www.laprovidenciarecoleta.cl\/inicio\/wp-content\/uploads\/2023\/06\/Votaciones-CCEE-2023-8-300x225.jpg 300w, http:\/\/www.laprovidenciarecoleta.cl\/inicio\/wp-content\/uploads\/2023\/06\/Votaciones-CCEE-2023-8.jpg 1600w\" sizes=\"(max-width: 1024px) 100vw, 1024px\" \/><\/a>\n\t\t\t<\/dt><\/dl><br style=\"clear: both\" \/><dl class='gallery-item'>\n\t\t\t<dt class='gallery-icon landscape'>\n\t\t\t\t<a href='http:\/\/www.laprovidenciarecoleta.cl\/inicio\/wp-content\/uploads\/2023\/06\/Votaciones-CCEE-2023-15.jpg'><img loading=\"lazy\" decoding=\"async\" width=\"1024\" height=\"768\" src=\"http:\/\/www.laprovidenciarecoleta.cl\/inicio\/wp-content\/uploads\/2023\/06\/Votaciones-CCEE-2023-15-1024x768.jpg\" class=\"attachment-large size-large\" alt=\"\" srcset=\"http:\/\/www.laprovidenciarecoleta.cl\/inicio\/wp-content\/uploads\/2023\/06\/Votaciones-CCEE-2023-15-1024x768.jpg 1024w, http:\/\/www.laprovidenciarecoleta.cl\/inicio\/wp-content\/uploads\/2023\/06\/Votaciones-CCEE-2023-15-300x225.jpg 300w, http:\/\/www.laprovidenciarecoleta.cl\/inicio\/wp-content\/uploads\/2023\/06\/Votaciones-CCEE-2023-15.jpg 1600w\" sizes=\"(max-width: 1024px) 100vw, 1024px\" \/><\/a>\n\t\t\t<\/dt><\/dl><br style=\"clear: both\" \/><dl class='gallery-item'>\n\t\t\t<dt class='gallery-icon landscape'>\n\t\t\t\t<a href='http:\/\/www.laprovidenciarecoleta.cl\/inicio\/wp-content\/uploads\/2023\/06\/Votaciones-CCEE-2023-12.jpg'><img loading=\"lazy\" decoding=\"async\" width=\"1024\" height=\"768\" src=\"http:\/\/www.laprovidenciarecoleta.cl\/inicio\/wp-content\/uploads\/2023\/06\/Votaciones-CCEE-2023-12-1024x768.jpg\" class=\"attachment-large size-large\" alt=\"\" srcset=\"http:\/\/www.laprovidenciarecoleta.cl\/inicio\/wp-content\/uploads\/2023\/06\/Votaciones-CCEE-2023-12-1024x768.jpg 1024w, http:\/\/www.laprovidenciarecoleta.cl\/inicio\/wp-content\/uploads\/2023\/06\/Votaciones-CCEE-2023-12-300x225.jpg 300w, http:\/\/www.laprovidenciarecoleta.cl\/inicio\/wp-content\/uploads\/2023\/06\/Votaciones-CCEE-2023-12.jpg 1600w\" sizes=\"(max-width: 1024px) 100vw, 1024px\" \/><\/a>\n\t\t\t<\/dt><\/dl><br style=\"clear: both\" \/><dl class='gallery-item'>\n\t\t\t<dt class='gallery-icon landscape'>\n\t\t\t\t<a href='http:\/\/www.laprovidenciarecoleta.cl\/inicio\/wp-content\/uploads\/2023\/06\/Votaciones-CCEE-2023-10.jpg'><img loading=\"lazy\" decoding=\"async\" width=\"1024\" height=\"768\" src=\"http:\/\/www.laprovidenciarecoleta.cl\/inicio\/wp-content\/uploads\/2023\/06\/Votaciones-CCEE-2023-10-1024x768.jpg\" class=\"attachment-large size-large\" alt=\"\" srcset=\"http:\/\/www.laprovidenciarecoleta.cl\/inicio\/wp-content\/uploads\/2023\/06\/Votaciones-CCEE-2023-10-1024x768.jpg 1024w, http:\/\/www.laprovidenciarecoleta.cl\/inicio\/wp-content\/uploads\/2023\/06\/Votaciones-CCEE-2023-10-300x225.jpg 300w, http:\/\/www.laprovidenciarecoleta.cl\/inicio\/wp-content\/uploads\/2023\/06\/Votaciones-CCEE-2023-10.jpg 1600w\" sizes=\"(max-width: 1024px) 100vw, 1024px\" \/><\/a>\n\t\t\t<\/dt><\/dl><br style=\"clear: both\" \/><dl class='gallery-item'>\n\t\t\t<dt class='gallery-icon portrait'>\n\t\t\t\t<a href='http:\/\/www.laprovidenciarecoleta.cl\/inicio\/wp-content\/uploads\/2023\/06\/Votaciones-CCEE-2023-16.jpg'><img loading=\"lazy\" decoding=\"async\" width=\"768\" height=\"1024\" src=\"http:\/\/www.laprovidenciarecoleta.cl\/inicio\/wp-content\/uploads\/2023\/06\/Votaciones-CCEE-2023-16-768x1024.jpg\" class=\"attachment-large size-large\" alt=\"\" srcset=\"http:\/\/www.laprovidenciarecoleta.cl\/inicio\/wp-content\/uploads\/2023\/06\/Votaciones-CCEE-2023-16-768x1024.jpg 768w, http:\/\/www.laprovidenciarecoleta.cl\/inicio\/wp-content\/uploads\/2023\/06\/Votaciones-CCEE-2023-16-225x300.jpg 225w, http:\/\/www.laprovidenciarecoleta.cl\/inicio\/wp-content\/uploads\/2023\/06\/Votaciones-CCEE-2023-16.jpg 1200w\" sizes=\"(max-width: 768px) 100vw, 768px\" \/><\/a>\n\t\t\t<\/dt><\/dl><br style=\"clear: both\" \/><dl class='gallery-item'>\n\t\t\t<dt class='gallery-icon landscape'>\n\t\t\t\t<a href='http:\/\/www.laprovidenciarecoleta.cl\/inicio\/wp-content\/uploads\/2023\/06\/Votaciones-CCEE-2023-17.jpg'><img loading=\"lazy\" decoding=\"async\" width=\"1024\" height=\"768\" src=\"http:\/\/www.laprovidenciarecoleta.cl\/inicio\/wp-content\/uploads\/2023\/06\/Votaciones-CCEE-2023-17-1024x768.jpg\" class=\"attachment-large size-large\" alt=\"\" srcset=\"http:\/\/www.laprovidenciarecoleta.cl\/inicio\/wp-content\/uploads\/2023\/06\/Votaciones-CCEE-2023-17-1024x768.jpg 1024w, http:\/\/www.laprovidenciarecoleta.cl\/inicio\/wp-content\/uploads\/2023\/06\/Votaciones-CCEE-2023-17-300x225.jpg 300w, http:\/\/www.laprovidenciarecoleta.cl\/inicio\/wp-content\/uploads\/2023\/06\/Votaciones-CCEE-2023-17.jpg 1600w\" sizes=\"(max-width: 1024px) 100vw, 1024px\" \/><\/a>\n\t\t\t<\/dt><\/dl><br style=\"clear: both\" \/><dl class='gallery-item'>\n\t\t\t<dt class='gallery-icon landscape'>\n\t\t\t\t<a href='http:\/\/www.laprovidenciarecoleta.cl\/inicio\/wp-content\/uploads\/2023\/06\/Votaciones-CCEE-2023-14.jpg'><img loading=\"lazy\" decoding=\"async\" width=\"1024\" height=\"768\" src=\"http:\/\/www.laprovidenciarecoleta.cl\/inicio\/wp-content\/uploads\/2023\/06\/Votaciones-CCEE-2023-14-1024x768.jpg\" class=\"attachment-large size-large\" alt=\"\" srcset=\"http:\/\/www.laprovidenciarecoleta.cl\/inicio\/wp-content\/uploads\/2023\/06\/Votaciones-CCEE-2023-14-1024x768.jpg 1024w, http:\/\/www.laprovidenciarecoleta.cl\/inicio\/wp-content\/uploads\/2023\/06\/Votaciones-CCEE-2023-14-300x225.jpg 300w, http:\/\/www.laprovidenciarecoleta.cl\/inicio\/wp-content\/uploads\/2023\/06\/Votaciones-CCEE-2023-14.jpg 1600w\" sizes=\"(max-width: 1024px) 100vw, 1024px\" \/><\/a>\n\t\t\t<\/dt><\/dl><br style=\"clear: both\" \/><dl class='gallery-item'>\n\t\t\t<dt class='gallery-icon portrait'>\n\t\t\t\t<a href='http:\/\/www.laprovidenciarecoleta.cl\/inicio\/wp-content\/uploads\/2023\/06\/Votaciones-CCEE-2023-13.jpg'><img loading=\"lazy\" decoding=\"async\" width=\"768\" height=\"1024\" src=\"http:\/\/www.laprovidenciarecoleta.cl\/inicio\/wp-content\/uploads\/2023\/06\/Votaciones-CCEE-2023-13-768x1024.jpg\" class=\"attachment-large size-large\" alt=\"\" srcset=\"http:\/\/www.laprovidenciarecoleta.cl\/inicio\/wp-content\/uploads\/2023\/06\/Votaciones-CCEE-2023-13-768x1024.jpg 768w, http:\/\/www.laprovidenciarecoleta.cl\/inicio\/wp-content\/uploads\/2023\/06\/Votaciones-CCEE-2023-13-225x300.jpg 225w, http:\/\/www.laprovidenciarecoleta.cl\/inicio\/wp-content\/uploads\/2023\/06\/Votaciones-CCEE-2023-13.jpg 1200w\" sizes=\"(max-width: 768px) 100vw, 768px\" \/><\/a>\n\t\t\t<\/dt><\/dl><br style=\"clear: both\" \/><dl class='gallery-item'>\n\t\t\t<dt class='gallery-icon portrait'>\n\t\t\t\t<a href='http:\/\/www.laprovidenciarecoleta.cl\/inicio\/wp-content\/uploads\/2023\/06\/Votaciones-CCEE-2023-11.jpg'><img loading=\"lazy\" decoding=\"async\" width=\"768\" height=\"1024\" src=\"http:\/\/www.laprovidenciarecoleta.cl\/inicio\/wp-content\/uploads\/2023\/06\/Votaciones-CCEE-2023-11-768x1024.jpg\" class=\"attachment-large size-large\" alt=\"\" srcset=\"http:\/\/www.laprovidenciarecoleta.cl\/inicio\/wp-content\/uploads\/2023\/06\/Votaciones-CCEE-2023-11-768x1024.jpg 768w, http:\/\/www.laprovidenciarecoleta.cl\/inicio\/wp-content\/uploads\/2023\/06\/Votaciones-CCEE-2023-11-225x300.jpg 225w, http:\/\/www.laprovidenciarecoleta.cl\/inicio\/wp-content\/uploads\/2023\/06\/Votaciones-CCEE-2023-11.jpg 1200w\" sizes=\"(max-width: 768px) 100vw, 768px\" \/><\/a>\n\t\t\t<\/dt><\/dl><br style=\"clear: both\" \/><dl class='gallery-item'>\n\t\t\t<dt class='gallery-icon landscape'>\n\t\t\t\t<a href='http:\/\/www.laprovidenciarecoleta.cl\/inicio\/wp-content\/uploads\/2023\/06\/Votaciones-CCEE-2023-9.jpg'><img loading=\"lazy\" decoding=\"async\" width=\"1024\" height=\"768\" src=\"http:\/\/www.laprovidenciarecoleta.cl\/inicio\/wp-content\/uploads\/2023\/06\/Votaciones-CCEE-2023-9-1024x768.jpg\" class=\"attachment-large size-large\" alt=\"\" srcset=\"http:\/\/www.laprovidenciarecoleta.cl\/inicio\/wp-content\/uploads\/2023\/06\/Votaciones-CCEE-2023-9-1024x768.jpg 1024w, http:\/\/www.laprovidenciarecoleta.cl\/inicio\/wp-content\/uploads\/2023\/06\/Votaciones-CCEE-2023-9-300x225.jpg 300w, http:\/\/www.laprovidenciarecoleta.cl\/inicio\/wp-content\/uploads\/2023\/06\/Votaciones-CCEE-2023-9.jpg 1600w\" sizes=\"(max-width: 1024px) 100vw, 1024px\" \/><\/a>\n\t\t\t<\/dt><\/dl><br style=\"clear: both\" \/><dl class='gallery-item'>\n\t\t\t<dt class='gallery-icon landscape'>\n\t\t\t\t<a href='http:\/\/www.laprovidenciarecoleta.cl\/inicio\/wp-content\/uploads\/2023\/06\/Votaciones-CCEE-2023-18.jpg'><img loading=\"lazy\" decoding=\"async\" width=\"1024\" height=\"768\" src=\"http:\/\/www.laprovidenciarecoleta.cl\/inicio\/wp-content\/uploads\/2023\/06\/Votaciones-CCEE-2023-18-1024x768.jpg\" class=\"attachment-large size-large\" alt=\"\" srcset=\"http:\/\/www.laprovidenciarecoleta.cl\/inicio\/wp-content\/uploads\/2023\/06\/Votaciones-CCEE-2023-18-1024x768.jpg 1024w, http:\/\/www.laprovidenciarecoleta.cl\/inicio\/wp-content\/uploads\/2023\/06\/Votaciones-CCEE-2023-18-300x225.jpg 300w, http:\/\/www.laprovidenciarecoleta.cl\/inicio\/wp-content\/uploads\/2023\/06\/Votaciones-CCEE-2023-18.jpg 1600w\" sizes=\"(max-width: 1024px) 100vw, 1024px\" \/><\/a>\n\t\t\t<\/dt><\/dl><br style=\"clear: both\" \/><dl class='gallery-item'>\n\t\t\t<dt class='gallery-icon landscape'>\n\t\t\t\t<a href='http:\/\/www.laprovidenciarecoleta.cl\/inicio\/wp-content\/uploads\/2023\/06\/Votaciones-CCEE-2023-19.jpg'><img loading=\"lazy\" decoding=\"async\" width=\"1024\" height=\"768\" src=\"http:\/\/www.laprovidenciarecoleta.cl\/inicio\/wp-content\/uploads\/2023\/06\/Votaciones-CCEE-2023-19-1024x768.jpg\" class=\"attachment-large size-large\" alt=\"\" srcset=\"http:\/\/www.laprovidenciarecoleta.cl\/inicio\/wp-content\/uploads\/2023\/06\/Votaciones-CCEE-2023-19-1024x768.jpg 1024w, http:\/\/www.laprovidenciarecoleta.cl\/inicio\/wp-content\/uploads\/2023\/06\/Votaciones-CCEE-2023-19-300x225.jpg 300w, http:\/\/www.laprovidenciarecoleta.cl\/inicio\/wp-content\/uploads\/2023\/06\/Votaciones-CCEE-2023-19.jpg 1600w\" sizes=\"(max-width: 1024px) 100vw, 1024px\" \/><\/a>\n\t\t\t<\/dt><\/dl><br style=\"clear: both\" \/><dl class='gallery-item'>\n\t\t\t<dt class='gallery-icon landscape'>\n\t\t\t\t<a href='http:\/\/www.laprovidenciarecoleta.cl\/inicio\/wp-content\/uploads\/2023\/06\/Votaciones-CCEE-2023-20.jpg'><img loading=\"lazy\" decoding=\"async\" width=\"1024\" height=\"768\" src=\"http:\/\/www.laprovidenciarecoleta.cl\/inicio\/wp-content\/uploads\/2023\/06\/Votaciones-CCEE-2023-20-1024x768.jpg\" class=\"attachment-large size-large\" alt=\"\" srcset=\"http:\/\/www.laprovidenciarecoleta.cl\/inicio\/wp-content\/uploads\/2023\/06\/Votaciones-CCEE-2023-20-1024x768.jpg 1024w, http:\/\/www.laprovidenciarecoleta.cl\/inicio\/wp-content\/uploads\/2023\/06\/Votaciones-CCEE-2023-20-300x225.jpg 300w, http:\/\/www.laprovidenciarecoleta.cl\/inicio\/wp-content\/uploads\/2023\/06\/Votaciones-CCEE-2023-20-150x113.jpg 150w, http:\/\/www.laprovidenciarecoleta.cl\/inicio\/wp-content\/uploads\/2023\/06\/Votaciones-CCEE-2023-20.jpg 1600w\" sizes=\"(max-width: 1024px) 100vw, 1024px\" \/><\/a>\n\t\t\t<\/dt><\/dl><br style=\"clear: both\" \/><dl class='gallery-item'>\n\t\t\t<dt class='gallery-icon portrait'>\n\t\t\t\t<a href='http:\/\/www.laprovidenciarecoleta.cl\/inicio\/wp-content\/uploads\/2023\/06\/Votaciones-CCEE-2023-21.jpg'><img loading=\"lazy\" decoding=\"async\" width=\"768\" height=\"1024\" src=\"http:\/\/www.laprovidenciarecoleta.cl\/inicio\/wp-content\/uploads\/2023\/06\/Votaciones-CCEE-2023-21-768x1024.jpg\" class=\"attachment-large size-large\" alt=\"\" srcset=\"http:\/\/www.laprovidenciarecoleta.cl\/inicio\/wp-content\/uploads\/2023\/06\/Votaciones-CCEE-2023-21-768x1024.jpg 768w, http:\/\/www.laprovidenciarecoleta.cl\/inicio\/wp-content\/uploads\/2023\/06\/Votaciones-CCEE-2023-21-225x300.jpg 225w, http:\/\/www.laprovidenciarecoleta.cl\/inicio\/wp-content\/uploads\/2023\/06\/Votaciones-CCEE-2023-21.jpg 1200w\" sizes=\"(max-width: 768px) 100vw, 768px\" \/><\/a>\n\t\t\t<\/dt><\/dl><br style=\"clear: both\" \/>\n\t\t<\/div>\n\n","protected":false},"excerpt":{"rendered":"<p>Durante este primer semestre escolar, se llev\u00f3 a cabo el proceso de elecci\u00f3n del Centro de Estudiantes (CEE) de nuestra escuela, para el periodo 2023-2024. Dicho espacio organizacional, tiene como objetivo representar y canalizar las demandas estudiantiles de nuestra comunidad, buscando orientar, gestionar y vincular los intereses de los compa\u00f1eros con el de nuestra instituci\u00f3n, propiciando su bienestar y el&nbsp;<a href=\"http:\/\/www.laprovidenciarecoleta.cl\/inicio\/elecciones-del-centro-de-estudiantes-2023-2024\/\">&hellip;<\/a><\/p>\n","protected":false},"author":6,"featured_media":14518,"comment_status":"closed","ping_status":"closed","sticky":false,"template":"","format":"image","meta":{"footnotes":""},"categories":[16],"tags":[],"_links":{"self":[{"href":"http:\/\/www.laprovidenciarecoleta.cl\/inicio\/wp-json\/wp\/v2\/posts\/14494"}],"collection":[{"href":"http:\/\/www.laprovidenciarecoleta.cl\/inicio\/wp-json\/wp\/v2\/posts"}],"about":[{"href":"http:\/\/www.laprovidenciarecoleta.cl\/inicio\/wp-json\/wp\/v2\/types\/post"}],"author":[{"embeddable":true,"href":"http:\/\/www.laprovidenciarecoleta.cl\/inicio\/wp-json\/wp\/v2\/users\/6"}],"replies":[{"embeddable":true,"href":"http:\/\/www.laprovidenciarecoleta.cl\/inicio\/wp-json\/wp\/v2\/comments?post=14494"}],"version-history":[{"count":3,"href":"http:\/\/www.laprovidenciarecoleta.cl\/inicio\/wp-json\/wp\/v2\/posts\/14494\/revisions"}],"predecessor-version":[{"id":14520,"href":"http:\/\/www.laprovidenciarecoleta.cl\/inicio\/wp-json\/wp\/v2\/posts\/14494\/revisions\/14520"}],"wp:featuredmedia":[{"embeddable":true,"href":"http:\/\/www.laprovidenciarecoleta.cl\/inicio\/wp-json\/wp\/v2\/media\/14518"}],"wp:attachment":[{"href":"http:\/\/www.laprovidenciarecoleta.cl\/inicio\/wp-json\/wp\/v2\/media?parent=14494"}],"wp:term":[{"taxonomy":"category","embeddable":true,"href":"http:\/\/www.laprovidenciarecoleta.cl\/inicio\/wp-json\/wp\/v2\/categories?post=14494"},{"taxonomy":"post_tag","embeddable":true,"href":"http:\/\/www.laprovidenciarecoleta.cl\/inicio\/wp-json\/wp\/v2\/tags?post=14494"}],"curies":[{"name":"wp","href":"https:\/\/api.w.org\/{rel}","templated":true}]}}