{"id":14484,"date":"2023-06-15T21:56:16","date_gmt":"2023-06-16T01:56:16","guid":{"rendered":"http:\/\/www.laprovidenciarecoleta.cl\/inicio\/?p=14484"},"modified":"2023-06-15T21:56:16","modified_gmt":"2023-06-16T01:56:16","slug":"comunicadouso-obligatorio-de-mascarillas-en-establecimientos-educacionales","status":"publish","type":"post","link":"http:\/\/www.laprovidenciarecoleta.cl\/inicio\/comunicadouso-obligatorio-de-mascarillas-en-establecimientos-educacionales\/","title":{"rendered":"Comunicado:Uso obligatorio de mascarillas en establecimientos educacionales"},"content":{"rendered":"<p>Estimados padres y apoderados:<br \/>\nJunto con saludarles les hacemos llegar las indicaciones que nos han llegado desde el MINEDUC con respecto al uso de mascarillas en los establecimientos educacionales.<\/p>\n<p>Estimadas comunidades educativas,<\/p>\n<p>A partir de la instrucci\u00f3n sanitaria del Ministerio de Salud, oficializada a trav\u00e9s de la Resoluci\u00f3n Exenta n\u00b0 699 con fecha 14 de junio del presente a\u00f1o, les comunicamos que\u00a0el uso de mascarillas en establecimientos educacionales<br \/>\npara estudiantes de 5 o m\u00e1s a\u00f1os, de los niveles b\u00e1sico y medio, como para las trabajadoras y trabajadores de estos niveles ser\u00e1 de uso obligatorio durante el tiempo que se encuentren en espacios cerrados de los establecimientos educacionales. Esta medida se debe aplicar a partir del d\u00eda de hoy, 15 de junio del 2023, tanto en establecimientos educacionales p\u00fablicos como privados.<br \/>\nPor su parte las trabajadoras y trabajadores del nivel parvulario, tambi\u00e9n deber\u00e1n cumplir con la obligaci\u00f3n establecida en el p\u00e1rrafo anterior.<\/p>\n<p>Si bien no es obligatorio, igualmente se recomienda el uso de mascarilla en los espacios abiertos de los establecimientos educacionales, as\u00ed como, continuar con las medidas de prevenci\u00f3n de propagaci\u00f3n de virus como lo son:<br \/>\nLavado frecuente de manos, o en su defecto uso de alcohol gel<br \/>\nVentilaci\u00f3n de espacios cerrados, idealmente cruzada.<\/p>\n<p>En caso de no ser posible mantener la ventilaci\u00f3n de manera permanente, aprovechar recreos o recesos para aplicar esta medida.<br \/>\nCubrir la boca con el antebrazo al momento de estornudar.<br \/>\nMantener las vacunas al d\u00eda tanto en adultos como en menores de edad.<\/p>\n<p>Aquellas personas con condiciones de salud o enfermedades en que el uso de la mascarilla pueda afectar su salud o desarrollo, podr\u00e1n eximirse de la obligaci\u00f3n se\u00f1alada, haciendo uso de mascarilla seg\u00fan tolerancia.<\/p>\n<p>Aclaraciones espec\u00edficas:<br \/>\n*La medida corre a partir de 1er a\u00f1o b\u00e1sico, es decir, si un estudiante tiene 5 a\u00f1os o m\u00e1s en el nivel parvulario, no est\u00e1 obligado a acogerse a la medida.<br \/>\n* En jardines y salas cunas solo las trabajadoras y trabajadores del nivel est\u00e1n obligados a hacer uso de mascarillas, no as\u00ed los ni\u00f1os y ni\u00f1as que asisten.<br \/>\n* Durante el recreo o en espacios abiertos, no es obligatorio el uso de mascarillas, pero se recomienda mantenerlas si es posible.<br \/>\n* En reuniones de apoderados o de trabajo docente, el uso de mascarillas se debe sostener.<\/p>\n<p>Saludos cordiales,<br \/>\nMinisterio de Educaci\u00f3n<\/p>\n<p>&nbsp;<\/p>\n<p>Agradeciendo una vez m\u00e1s su comprensi\u00f3n y colaboraci\u00f3n, nos despedimos cordialmente.<\/p>\n<p style=\"text-align: center;\">Equipo de gesti\u00f3n<br \/>\nEscuela San Jos\u00e9<\/p>\n","protected":false},"excerpt":{"rendered":"<p>Estimados padres y apoderados: Junto con saludarles les hacemos llegar las indicaciones que nos han llegado desde el MINEDUC con respecto al uso de mascarillas en los establecimientos educacionales. Estimadas comunidades educativas, A partir de la instrucci\u00f3n sanitaria del Ministerio de Salud, oficializada a trav\u00e9s de la Resoluci\u00f3n Exenta n\u00b0 699 con fecha 14 de junio del presente a\u00f1o, les&nbsp;<a href=\"http:\/\/www.laprovidenciarecoleta.cl\/inicio\/comunicadouso-obligatorio-de-mascarillas-en-establecimientos-educacionales\/\">&hellip;<\/a><\/p>\n","protected":false},"author":6,"featured_media":14486,"comment_status":"closed","ping_status":"closed","sticky":false,"template":"","format":"standard","meta":{"footnotes":""},"categories":[113],"tags":[],"_links":{"self":[{"href":"http:\/\/www.laprovidenciarecoleta.cl\/inicio\/wp-json\/wp\/v2\/posts\/14484"}],"collection":[{"href":"http:\/\/www.laprovidenciarecoleta.cl\/inicio\/wp-json\/wp\/v2\/posts"}],"about":[{"href":"http:\/\/www.laprovidenciarecoleta.cl\/inicio\/wp-json\/wp\/v2\/types\/post"}],"author":[{"embeddable":true,"href":"http:\/\/www.laprovidenciarecoleta.cl\/inicio\/wp-json\/wp\/v2\/users\/6"}],"replies":[{"embeddable":true,"href":"http:\/\/www.laprovidenciarecoleta.cl\/inicio\/wp-json\/wp\/v2\/comments?post=14484"}],"version-history":[{"count":1,"href":"http:\/\/www.laprovidenciarecoleta.cl\/inicio\/wp-json\/wp\/v2\/posts\/14484\/revisions"}],"predecessor-version":[{"id":14485,"href":"http:\/\/www.laprovidenciarecoleta.cl\/inicio\/wp-json\/wp\/v2\/posts\/14484\/revisions\/14485"}],"wp:featuredmedia":[{"embeddable":true,"href":"http:\/\/www.laprovidenciarecoleta.cl\/inicio\/wp-json\/wp\/v2\/media\/14486"}],"wp:attachment":[{"href":"http:\/\/www.laprovidenciarecoleta.cl\/inicio\/wp-json\/wp\/v2\/media?parent=14484"}],"wp:term":[{"taxonomy":"category","embeddable":true,"href":"http:\/\/www.laprovidenciarecoleta.cl\/inicio\/wp-json\/wp\/v2\/categories?post=14484"},{"taxonomy":"post_tag","embeddable":true,"href":"http:\/\/www.laprovidenciarecoleta.cl\/inicio\/wp-json\/wp\/v2\/tags?post=14484"}],"curies":[{"name":"wp","href":"https:\/\/api.w.org\/{rel}","templated":true}]}}