{"id":14481,"date":"2023-06-14T22:16:03","date_gmt":"2023-06-15T02:16:03","guid":{"rendered":"http:\/\/www.laprovidenciarecoleta.cl\/inicio\/?p=14481"},"modified":"2023-06-14T22:16:03","modified_gmt":"2023-06-15T02:16:03","slug":"1concurso-de-cuentos-ambientales","status":"publish","type":"post","link":"http:\/\/www.laprovidenciarecoleta.cl\/inicio\/1concurso-de-cuentos-ambientales\/","title":{"rendered":"1\u00b0Concurso de cuentos ambientales"},"content":{"rendered":"<p><strong><u>1\u00b0CONCURSO DE CUENTOS AMBIENTALES<\/u> <u>RED EDUCACIONAL PROVIDENCIA\u00a0 2023<\/u><\/strong><\/p>\n<p>Bases<\/p>\n<p><strong>I\u00b0\u00a0\u00a0\u00a0\u00a0\u00a0\u00a0\u00a0\u00a0\u00a0 Convocatoria.<\/strong><\/p>\n<p>El equipo de Educaci\u00f3n de la Red Educacional Providencia, da inicio al primer Concurso de Cuentos Ambientales, dirigido a todas las comunidades escolares de los establecimientos educacionales Providencia.<\/p>\n<p>&nbsp;<\/p>\n<p><strong>II\u00b0\u00a0\u00a0\u00a0\u00a0\u00a0\u00a0\u00a0\u00a0 Objetivo.<\/strong><\/p>\n<p>Esta iniciativa tiene como objetivo que los ni\u00f1os, ni\u00f1as, j\u00f3venes y adultos puedan plasmar sus dotes literarias e imaginativas, a trav\u00e9s de historias que lleven a conocer y a proteger la biodiversidad y recursos ambientales.<\/p>\n<p>&nbsp;<\/p>\n<p><strong>III\u00b0 Postulaci\u00f3n. <\/strong><\/p>\n<p>El concurso est\u00e1 dirigido a estudiantes desde 3\u00b0 b\u00e1sico a 8\u00b0 b\u00e1sico (en el caso de nuestra escuela) y a adultos que pertenezcan a la comunidad escolar, por ejemplo: directivos, docentes, asistentes, apoderados, madres, padres, entre otros.<\/p>\n<p>&nbsp;<\/p>\n<p><strong>\u00a0Categor\u00edas de Premiaci\u00f3n <\/strong><\/p>\n<p><strong>1\u00b0categor\u00eda:<\/strong> estudiantes de 3\u00b0 b\u00e1sico a 5\u00b0b\u00e1sico.<\/p>\n<p><strong>2\u00b0 categor\u00eda:<\/strong> estudiantes de 6\u00b0 b\u00e1sico a 8\u00b0 b\u00e1sico<\/p>\n<p><strong>3\u00b0 categor\u00eda:<\/strong> adultos pertenecientes a la comunidad educativa<\/p>\n<p>&nbsp;<\/p>\n<p><strong>V\u00b0 Contenido del Cuento.<\/strong><\/p>\n<p>La narraci\u00f3n puede considerar una aventura, fantas\u00eda, suspenso, humor o drama, en el cu\u00e1l se incorporen h\u00e1bitos amigables con el medio ambiente o cualquier tem\u00e1tica ambiental, como experiencias con flora y fauna silvestre, ecosistemas, parques nacionales, viajes, reciclaje, manifestaciones ambientalistas, contaminaci\u00f3n, sequ\u00eda, cambio clim\u00e1tico, deportes al aire libre y de aventura, entre otros.<\/p>\n<p>La historia del cuento debe estar ambientada en la escuela y\/o en la comunidad.<\/p>\n<p>Cada participante deber\u00e1 presentar un cuento in\u00e9dito, que no haya sido publicado o premiado en otros concursos.<\/p>\n<p>&nbsp;<\/p>\n<p><strong>VI\u00b0 Presentaci\u00f3n del Cuento.<\/strong><\/p>\n<p>Cada cuento deber\u00e1 tener un m\u00ednimo de una carilla y un m\u00e1ximo de tres carillas, escrito en hoja tama\u00f1o carta. Todos los trabajos deber\u00e1n presentarse escritos en computador, utilizando letra Times New Roman de tama\u00f1o 12 e interlineado sencillo.<\/p>\n<p>&nbsp;<\/p>\n<p><strong>VII\u00b0 Plazos. <\/strong><\/p>\n<p>Los trabajos deber\u00e1n ser enviados hasta las 23:59 horas del 27 de Junio al correo electr\u00f3nico\u00a0 concursoliterario@laprovidenciarecoleta.cl<\/p>\n<p>&nbsp;<\/p>\n<p><strong>VIII\u00b0 Jurado.<\/strong><\/p>\n<p>El jurado estar\u00e1 integrado por las profesoras de Lenguaje de 3\u00b0 a 8\u00b0 b\u00e1sico.<\/p>\n<p>&nbsp;<\/p>\n<p><strong>IX\u00b0 Premios.<\/strong><\/p>\n<ul>\n<li><strong>Se otorgar\u00e1n premios a los tres (3) primeros\u00a0 lugares de cada categor\u00eda. <\/strong><\/li>\n<li><strong>Los cuentos ganadores ser\u00e1n enviados al concurso que realiza la Fundaci\u00f3n<\/strong><\/li>\n<\/ul>\n<p>&nbsp;<\/p>\n<p><strong>X\u00b0 Premiaci\u00f3n.<\/strong><\/p>\n<ul>\n<li>El resultado del Primer Concurso de\u00a0 Cuentos\u00a0 Ambientales de la Red Providencia\u00a0 ser\u00e1 publicado en la p\u00e1gina web de la congregaci\u00f3n. Adem\u00e1s, los ganadores del concurso se notificar\u00e1n v\u00eda telef\u00f3nica al n\u00famero de contacto del postulante y al establecimiento educacional que corresponda.<\/li>\n<\/ul>\n<p>&nbsp;<\/p>\n<ul>\n<li>La premiaci\u00f3n se realizar\u00e1 en el mes de agosto de 2023.<\/li>\n<\/ul>\n","protected":false},"excerpt":{"rendered":"<p>1\u00b0CONCURSO DE CUENTOS AMBIENTALES RED EDUCACIONAL PROVIDENCIA\u00a0 2023 Bases I\u00b0\u00a0\u00a0\u00a0\u00a0\u00a0\u00a0\u00a0\u00a0\u00a0 Convocatoria. El equipo de Educaci\u00f3n de la Red Educacional Providencia, da inicio al primer Concurso de Cuentos Ambientales, dirigido a todas las comunidades escolares de los establecimientos educacionales Providencia. &nbsp; II\u00b0\u00a0\u00a0\u00a0\u00a0\u00a0\u00a0\u00a0\u00a0 Objetivo. Esta iniciativa tiene como objetivo que los ni\u00f1os, ni\u00f1as, j\u00f3venes y adultos puedan plasmar sus dotes literarias e&nbsp;<a href=\"http:\/\/www.laprovidenciarecoleta.cl\/inicio\/1concurso-de-cuentos-ambientales\/\">&hellip;<\/a><\/p>\n","protected":false},"author":6,"featured_media":14482,"comment_status":"closed","ping_status":"closed","sticky":false,"template":"","format":"standard","meta":{"footnotes":""},"categories":[113],"tags":[],"_links":{"self":[{"href":"http:\/\/www.laprovidenciarecoleta.cl\/inicio\/wp-json\/wp\/v2\/posts\/14481"}],"collection":[{"href":"http:\/\/www.laprovidenciarecoleta.cl\/inicio\/wp-json\/wp\/v2\/posts"}],"about":[{"href":"http:\/\/www.laprovidenciarecoleta.cl\/inicio\/wp-json\/wp\/v2\/types\/post"}],"author":[{"embeddable":true,"href":"http:\/\/www.laprovidenciarecoleta.cl\/inicio\/wp-json\/wp\/v2\/users\/6"}],"replies":[{"embeddable":true,"href":"http:\/\/www.laprovidenciarecoleta.cl\/inicio\/wp-json\/wp\/v2\/comments?post=14481"}],"version-history":[{"count":1,"href":"http:\/\/www.laprovidenciarecoleta.cl\/inicio\/wp-json\/wp\/v2\/posts\/14481\/revisions"}],"predecessor-version":[{"id":14483,"href":"http:\/\/www.laprovidenciarecoleta.cl\/inicio\/wp-json\/wp\/v2\/posts\/14481\/revisions\/14483"}],"wp:featuredmedia":[{"embeddable":true,"href":"http:\/\/www.laprovidenciarecoleta.cl\/inicio\/wp-json\/wp\/v2\/media\/14482"}],"wp:attachment":[{"href":"http:\/\/www.laprovidenciarecoleta.cl\/inicio\/wp-json\/wp\/v2\/media?parent=14481"}],"wp:term":[{"taxonomy":"category","embeddable":true,"href":"http:\/\/www.laprovidenciarecoleta.cl\/inicio\/wp-json\/wp\/v2\/categories?post=14481"},{"taxonomy":"post_tag","embeddable":true,"href":"http:\/\/www.laprovidenciarecoleta.cl\/inicio\/wp-json\/wp\/v2\/tags?post=14481"}],"curies":[{"name":"wp","href":"https:\/\/api.w.org\/{rel}","templated":true}]}}