{"id":14475,"date":"2023-06-12T08:33:47","date_gmt":"2023-06-12T12:33:47","guid":{"rendered":"http:\/\/www.laprovidenciarecoleta.cl\/inicio\/?p=14475"},"modified":"2023-06-12T08:33:47","modified_gmt":"2023-06-12T12:33:47","slug":"acto-conmemorativo-por-los-170-anos-de-presencia-de-la-congregacion-en-chile","status":"publish","type":"post","link":"http:\/\/www.laprovidenciarecoleta.cl\/inicio\/acto-conmemorativo-por-los-170-anos-de-presencia-de-la-congregacion-en-chile\/","title":{"rendered":"Acto conmemorativo por los 170 a\u00f1os de presencia de la congregaci\u00f3n en Chile"},"content":{"rendered":"<p>Con gran alegr\u00eda por la celebraci\u00f3n durante este 2023 de los 170 a\u00f1os de presencia de las Hermanas de la Providencia en Chile, les invitamos a presenciar en directo a trav\u00e9s de internet un acto conmemorativo por este nuevo aniversario.<\/p>\n<p>El evento, que incluir\u00e1 danza y canto, ser\u00e1 transmitido en vivo desde el Teatro Oriente, ubicado en la comuna de Providencia, Santiago,\u00a0<strong>el martes 13 de junio, a las 17 horas.<\/strong><\/p>\n<p>Para unirse a la transmisi\u00f3n, les invitamos a visitar el siguiente enlace en el d\u00eda y hora se\u00f1alados:\u00a0<a href=\"https:\/\/youtube.com\/live\/-KtDrh5H09s?feature=share\" target=\"_blank\" rel=\"noopener\">https:\/\/youtube.com\/live\/-KtDrh5H09s?feature=share<\/a>.<\/p>\n<p>Tambi\u00e9n es posible ingresar a trav\u00e9s del siguiente canal de YouTube:\u00a0<a href=\"https:\/\/www.youtube.com\/channel\/UC4_Rt1MQsJAJjCDs-6QujtQ\" target=\"_blank\" rel=\"noopener\">https:\/\/www.youtube.com\/channel\/UC4_Rt1MQsJAJjCDs-6QujtQ<\/a><\/p>\n<p>&nbsp;<\/p>\n<p>Los 170 a\u00f1os se cumplir\u00e1n el pr\u00f3ximo <strong>17 de junio<\/strong>, fecha en que se encuentra programada una <strong>Eucarist\u00eda conmemorativa en la Catedral Metropolitana de Santiago, a las 11 horas<\/strong>, abierta a quienes deseen acompa\u00f1arnos. Esta ser\u00e1 presidida por el cardenal Celestino A\u00f3s, arzobispo de Santiago de Chile.<\/p>\n<p>M\u00e1s informaci\u00f3n sobre la trayectoria de las Hermanas de la Providencia en Chile se puede encontrar en la siguiente p\u00e1gina:\u00a0<a href=\"https:\/\/hermanasdelaprovidencia.cl\/quienes-somos\/trayectoria-en-chile\/\">Trayectoria en Chile<\/a>.<\/p>\n","protected":false},"excerpt":{"rendered":"<p>Con gran alegr\u00eda por la celebraci\u00f3n durante este 2023 de los 170 a\u00f1os de presencia de las Hermanas de la Providencia en Chile, les invitamos a presenciar en directo a trav\u00e9s de internet un acto conmemorativo por este nuevo aniversario. El evento, que incluir\u00e1 danza y canto, ser\u00e1 transmitido en vivo desde el Teatro Oriente, ubicado en la comuna de&nbsp;<a href=\"http:\/\/www.laprovidenciarecoleta.cl\/inicio\/acto-conmemorativo-por-los-170-anos-de-presencia-de-la-congregacion-en-chile\/\">&hellip;<\/a><\/p>\n","protected":false},"author":6,"featured_media":14476,"comment_status":"closed","ping_status":"closed","sticky":false,"template":"","format":"standard","meta":{"footnotes":""},"categories":[113],"tags":[],"_links":{"self":[{"href":"http:\/\/www.laprovidenciarecoleta.cl\/inicio\/wp-json\/wp\/v2\/posts\/14475"}],"collection":[{"href":"http:\/\/www.laprovidenciarecoleta.cl\/inicio\/wp-json\/wp\/v2\/posts"}],"about":[{"href":"http:\/\/www.laprovidenciarecoleta.cl\/inicio\/wp-json\/wp\/v2\/types\/post"}],"author":[{"embeddable":true,"href":"http:\/\/www.laprovidenciarecoleta.cl\/inicio\/wp-json\/wp\/v2\/users\/6"}],"replies":[{"embeddable":true,"href":"http:\/\/www.laprovidenciarecoleta.cl\/inicio\/wp-json\/wp\/v2\/comments?post=14475"}],"version-history":[{"count":1,"href":"http:\/\/www.laprovidenciarecoleta.cl\/inicio\/wp-json\/wp\/v2\/posts\/14475\/revisions"}],"predecessor-version":[{"id":14477,"href":"http:\/\/www.laprovidenciarecoleta.cl\/inicio\/wp-json\/wp\/v2\/posts\/14475\/revisions\/14477"}],"wp:featuredmedia":[{"embeddable":true,"href":"http:\/\/www.laprovidenciarecoleta.cl\/inicio\/wp-json\/wp\/v2\/media\/14476"}],"wp:attachment":[{"href":"http:\/\/www.laprovidenciarecoleta.cl\/inicio\/wp-json\/wp\/v2\/media?parent=14475"}],"wp:term":[{"taxonomy":"category","embeddable":true,"href":"http:\/\/www.laprovidenciarecoleta.cl\/inicio\/wp-json\/wp\/v2\/categories?post=14475"},{"taxonomy":"post_tag","embeddable":true,"href":"http:\/\/www.laprovidenciarecoleta.cl\/inicio\/wp-json\/wp\/v2\/tags?post=14475"}],"curies":[{"name":"wp","href":"https:\/\/api.w.org\/{rel}","templated":true}]}}