{"id":14465,"date":"2023-06-05T13:16:29","date_gmt":"2023-06-05T17:16:29","guid":{"rendered":"http:\/\/www.laprovidenciarecoleta.cl\/inicio\/?p=14465"},"modified":"2023-06-12T08:51:08","modified_gmt":"2023-06-12T12:51:08","slug":"conmemoramos-el-dia-mundial-del-medio-ambiente","status":"publish","type":"post","link":"http:\/\/www.laprovidenciarecoleta.cl\/inicio\/conmemoramos-el-dia-mundial-del-medio-ambiente\/","title":{"rendered":"Conmemoramos el D\u00eda mundial del medio ambiente"},"content":{"rendered":"<p style=\"font-weight: 400;\">Nuestra escuela tiene como uno de sus sellos, la formaci\u00f3n ambiental de nuestros estudiantes, formamos personas sensibles y comprometidas con el desarrollo sustentable, aportando a la creaci\u00f3n de conciencia sobre la protecci\u00f3n del medio ambiente, la preservaci\u00f3n de la naturaleza y la conservaci\u00f3n del patrimonio ambiental. Promovemos la generaci\u00f3n de ciudadanos que participan responsablemente en la definici\u00f3n de una sociedad socioecol\u00f3gicamente justa, que desarrollen valores como la solidaridad, respeto y austeridad,\u00a0 canalizando sus capacidades en direcciones que mejoren la calidad de la vida humana, respetando, al mismo tiempo, los ecosistemas que la sustentan.<\/p>\n<p style=\"font-weight: 400;\">Por esto hoy conmemoramos el d\u00eda mundial del medio ambiente, donde en 2 actos se ha dado a cada curso una planta para su cuidado dentro de cada sala de clases, el desaf\u00edo ser\u00e1 que puedan cuidar y mantenerla hasta fin de a\u00f1o. Adem\u00e1s desde la asignatura de Ciencias Naturales se han estado realizando trabajos de concientizaci\u00f3n ambiental.<\/p>\n<p style=\"font-weight: 400;\">Agradecemos a todos los que han apoyado estas actividades y los invitamos a cuidar de nuestra morada, cuidar del medio en el que vivimos.<\/p>\n<p style=\"font-weight: 400;\">Atentamente<\/p>\n<p style=\"font-weight: 400; text-align: center;\">Departamento de\u00a0 Educaci\u00f3n F\u00edsica y Ciencias Naturales<\/p>\n\n\t\t<style type=\"text\/css\">\n\t\t\t#gallery-1 {\n\t\t\t\tmargin: auto;\n\t\t\t}\n\t\t\t#gallery-1 .gallery-item {\n\t\t\t\tfloat: left;\n\t\t\t\tmargin-top: 10px;\n\t\t\t\ttext-align: center;\n\t\t\t\twidth: 100%;\n\t\t\t}\n\t\t\t#gallery-1 img {\n\t\t\t\tborder: 2px solid #cfcfcf;\n\t\t\t}\n\t\t\t#gallery-1 .gallery-caption {\n\t\t\t\tmargin-left: 0;\n\t\t\t}\n\t\t\t\/* see gallery_shortcode() in wp-includes\/media.php *\/\n\t\t<\/style>\n\t\t<div id='gallery-1' class='gallery galleryid-14465 gallery-columns-1 gallery-size-large'><dl class='gallery-item'>\n\t\t\t<dt class='gallery-icon landscape'>\n\t\t\t\t<a href='http:\/\/www.laprovidenciarecoleta.cl\/inicio\/wp-content\/uploads\/2023\/06\/dmma-4-scaled.jpg'><img loading=\"lazy\" decoding=\"async\" width=\"1024\" height=\"461\" src=\"http:\/\/www.laprovidenciarecoleta.cl\/inicio\/wp-content\/uploads\/2023\/06\/dmma-4-scaled-1024x461.jpg\" class=\"attachment-large size-large\" alt=\"\" srcset=\"http:\/\/www.laprovidenciarecoleta.cl\/inicio\/wp-content\/uploads\/2023\/06\/dmma-4-scaled-1024x461.jpg 1024w, http:\/\/www.laprovidenciarecoleta.cl\/inicio\/wp-content\/uploads\/2023\/06\/dmma-4-scaled-300x135.jpg 300w, http:\/\/www.laprovidenciarecoleta.cl\/inicio\/wp-content\/uploads\/2023\/06\/dmma-4-scaled-150x68.jpg 150w\" sizes=\"(max-width: 1024px) 100vw, 1024px\" \/><\/a>\n\t\t\t<\/dt><\/dl><br style=\"clear: both\" \/><dl class='gallery-item'>\n\t\t\t<dt class='gallery-icon landscape'>\n\t\t\t\t<a href='http:\/\/www.laprovidenciarecoleta.cl\/inicio\/wp-content\/uploads\/2023\/06\/dmma-3-scaled.jpg'><img loading=\"lazy\" decoding=\"async\" width=\"1024\" height=\"634\" src=\"http:\/\/www.laprovidenciarecoleta.cl\/inicio\/wp-content\/uploads\/2023\/06\/dmma-3-scaled-1024x634.jpg\" class=\"attachment-large size-large\" alt=\"\" srcset=\"http:\/\/www.laprovidenciarecoleta.cl\/inicio\/wp-content\/uploads\/2023\/06\/dmma-3-scaled-1024x634.jpg 1024w, http:\/\/www.laprovidenciarecoleta.cl\/inicio\/wp-content\/uploads\/2023\/06\/dmma-3-scaled-300x186.jpg 300w\" sizes=\"(max-width: 1024px) 100vw, 1024px\" \/><\/a>\n\t\t\t<\/dt><\/dl><br style=\"clear: both\" \/><dl class='gallery-item'>\n\t\t\t<dt class='gallery-icon landscape'>\n\t\t\t\t<a href='http:\/\/www.laprovidenciarecoleta.cl\/inicio\/wp-content\/uploads\/2023\/06\/dmma-5-scaled.jpg'><img loading=\"lazy\" decoding=\"async\" width=\"1024\" height=\"461\" src=\"http:\/\/www.laprovidenciarecoleta.cl\/inicio\/wp-content\/uploads\/2023\/06\/dmma-5-scaled-1024x461.jpg\" class=\"attachment-large size-large\" alt=\"\" srcset=\"http:\/\/www.laprovidenciarecoleta.cl\/inicio\/wp-content\/uploads\/2023\/06\/dmma-5-scaled-1024x461.jpg 1024w, http:\/\/www.laprovidenciarecoleta.cl\/inicio\/wp-content\/uploads\/2023\/06\/dmma-5-scaled-300x135.jpg 300w, http:\/\/www.laprovidenciarecoleta.cl\/inicio\/wp-content\/uploads\/2023\/06\/dmma-5-scaled-150x68.jpg 150w\" sizes=\"(max-width: 1024px) 100vw, 1024px\" \/><\/a>\n\t\t\t<\/dt><\/dl><br style=\"clear: both\" \/><dl class='gallery-item'>\n\t\t\t<dt class='gallery-icon landscape'>\n\t\t\t\t<a href='http:\/\/www.laprovidenciarecoleta.cl\/inicio\/wp-content\/uploads\/2023\/06\/dmma-6-scaled.jpg'><img loading=\"lazy\" decoding=\"async\" width=\"1024\" height=\"461\" src=\"http:\/\/www.laprovidenciarecoleta.cl\/inicio\/wp-content\/uploads\/2023\/06\/dmma-6-scaled-1024x461.jpg\" class=\"attachment-large size-large\" alt=\"\" srcset=\"http:\/\/www.laprovidenciarecoleta.cl\/inicio\/wp-content\/uploads\/2023\/06\/dmma-6-scaled-1024x461.jpg 1024w, http:\/\/www.laprovidenciarecoleta.cl\/inicio\/wp-content\/uploads\/2023\/06\/dmma-6-scaled-300x135.jpg 300w\" sizes=\"(max-width: 1024px) 100vw, 1024px\" \/><\/a>\n\t\t\t<\/dt><\/dl><br style=\"clear: both\" \/><dl class='gallery-item'>\n\t\t\t<dt class='gallery-icon landscape'>\n\t\t\t\t<a href='http:\/\/www.laprovidenciarecoleta.cl\/inicio\/wp-content\/uploads\/2023\/06\/dmma-2-scaled.jpg'><img loading=\"lazy\" decoding=\"async\" width=\"1024\" height=\"461\" src=\"http:\/\/www.laprovidenciarecoleta.cl\/inicio\/wp-content\/uploads\/2023\/06\/dmma-2-scaled-1024x461.jpg\" class=\"attachment-large size-large\" alt=\"\" srcset=\"http:\/\/www.laprovidenciarecoleta.cl\/inicio\/wp-content\/uploads\/2023\/06\/dmma-2-scaled-1024x461.jpg 1024w, http:\/\/www.laprovidenciarecoleta.cl\/inicio\/wp-content\/uploads\/2023\/06\/dmma-2-scaled-300x135.jpg 300w\" sizes=\"(max-width: 1024px) 100vw, 1024px\" \/><\/a>\n\t\t\t<\/dt><\/dl><br style=\"clear: both\" \/><dl class='gallery-item'>\n\t\t\t<dt class='gallery-icon landscape'>\n\t\t\t\t<a href='http:\/\/www.laprovidenciarecoleta.cl\/inicio\/wp-content\/uploads\/2023\/06\/dmma-1-scaled.jpg'><img loading=\"lazy\" decoding=\"async\" width=\"1024\" height=\"461\" src=\"http:\/\/www.laprovidenciarecoleta.cl\/inicio\/wp-content\/uploads\/2023\/06\/dmma-1-scaled-1024x461.jpg\" class=\"attachment-large size-large\" alt=\"\" srcset=\"http:\/\/www.laprovidenciarecoleta.cl\/inicio\/wp-content\/uploads\/2023\/06\/dmma-1-scaled-1024x461.jpg 1024w, http:\/\/www.laprovidenciarecoleta.cl\/inicio\/wp-content\/uploads\/2023\/06\/dmma-1-scaled-300x135.jpg 300w\" sizes=\"(max-width: 1024px) 100vw, 1024px\" \/><\/a>\n\t\t\t<\/dt><\/dl><br style=\"clear: both\" \/>\n\t\t<\/div>\n\n","protected":false},"excerpt":{"rendered":"<p>Nuestra escuela tiene como uno de sus sellos, la formaci\u00f3n ambiental de nuestros estudiantes, formamos personas sensibles y comprometidas con el desarrollo sustentable, aportando a la creaci\u00f3n de conciencia sobre la protecci\u00f3n del medio ambiente, la preservaci\u00f3n de la naturaleza y la conservaci\u00f3n del patrimonio ambiental. Promovemos la generaci\u00f3n de ciudadanos que participan responsablemente en la definici\u00f3n de una sociedad&nbsp;<a href=\"http:\/\/www.laprovidenciarecoleta.cl\/inicio\/conmemoramos-el-dia-mundial-del-medio-ambiente\/\">&hellip;<\/a><\/p>\n","protected":false},"author":6,"featured_media":14469,"comment_status":"closed","ping_status":"closed","sticky":false,"template":"","format":"standard","meta":{"footnotes":""},"categories":[16],"tags":[],"_links":{"self":[{"href":"http:\/\/www.laprovidenciarecoleta.cl\/inicio\/wp-json\/wp\/v2\/posts\/14465"}],"collection":[{"href":"http:\/\/www.laprovidenciarecoleta.cl\/inicio\/wp-json\/wp\/v2\/posts"}],"about":[{"href":"http:\/\/www.laprovidenciarecoleta.cl\/inicio\/wp-json\/wp\/v2\/types\/post"}],"author":[{"embeddable":true,"href":"http:\/\/www.laprovidenciarecoleta.cl\/inicio\/wp-json\/wp\/v2\/users\/6"}],"replies":[{"embeddable":true,"href":"http:\/\/www.laprovidenciarecoleta.cl\/inicio\/wp-json\/wp\/v2\/comments?post=14465"}],"version-history":[{"count":3,"href":"http:\/\/www.laprovidenciarecoleta.cl\/inicio\/wp-json\/wp\/v2\/posts\/14465\/revisions"}],"predecessor-version":[{"id":14474,"href":"http:\/\/www.laprovidenciarecoleta.cl\/inicio\/wp-json\/wp\/v2\/posts\/14465\/revisions\/14474"}],"wp:featuredmedia":[{"embeddable":true,"href":"http:\/\/www.laprovidenciarecoleta.cl\/inicio\/wp-json\/wp\/v2\/media\/14469"}],"wp:attachment":[{"href":"http:\/\/www.laprovidenciarecoleta.cl\/inicio\/wp-json\/wp\/v2\/media?parent=14465"}],"wp:term":[{"taxonomy":"category","embeddable":true,"href":"http:\/\/www.laprovidenciarecoleta.cl\/inicio\/wp-json\/wp\/v2\/categories?post=14465"},{"taxonomy":"post_tag","embeddable":true,"href":"http:\/\/www.laprovidenciarecoleta.cl\/inicio\/wp-json\/wp\/v2\/tags?post=14465"}],"curies":[{"name":"wp","href":"https:\/\/api.w.org\/{rel}","templated":true}]}}