{"id":14420,"date":"2023-05-09T09:20:29","date_gmt":"2023-05-09T13:20:29","guid":{"rendered":"http:\/\/www.laprovidenciarecoleta.cl\/inicio\/?p=14420"},"modified":"2023-05-09T09:33:43","modified_gmt":"2023-05-09T13:33:43","slug":"talleres-para-madres-padres-y-apoderados-primer-semestre","status":"publish","type":"post","link":"http:\/\/www.laprovidenciarecoleta.cl\/inicio\/talleres-para-madres-padres-y-apoderados-primer-semestre\/","title":{"rendered":"Talleres para madres, padres y apoderados- primer semestre"},"content":{"rendered":"<p>Con el objetivo de entregar herramientas a nuestros\u00a0 apoderados para acompa\u00f1ar el proceso de desarrollo de su hijo\/a atendiendo a sus necesidades, el Equipo de Convivencia Escolar, invita a\u00a0 padres, madres y apoderados a participar en los talleres en l\u00ednea,\u00a0 que se realizar\u00e1n este semestre, en forma diferenciada seg\u00fan niveles; estos son dirigidos por la psic\u00f3loga Evelyn Hadad especialista en intervenciones educativas.<\/p>\n<p>A continuaci\u00f3n informamos tem\u00e1tica y fecha de los talleres :<\/p>\n<p><strong><u>K\u00ednder -1\u00b0 y 2\u00b0 <\/u><\/strong><\/p>\n<p>TEMA: Responsabilidad integral en la formaci\u00f3n de los hijos (l\u00edmites, convivencia, tolerancia a la frustraci\u00f3n, esp\u00edritu de superaci\u00f3n).<\/p>\n<p>Fecha: mi\u00e9rcoles 31 de mayo, on line (Meet) 19:00hrs<\/p>\n<p>&nbsp;<\/p>\n<p><strong><u>3\u00b0,4\u00b0 y 5\u00b0 <\/u><\/strong><\/p>\n<p>TEMA: Gesti\u00f3n de las emociones y desarrollo de la autonom\u00eda. Autoestima acad\u00e9mica.<\/p>\n<p>Fecha: mi\u00e9rcoles 14 de junio, on line (Meet)\u00a0 19:00 hrs<\/p>\n<p>&nbsp;<\/p>\n<p><strong><u>6\u00b0,7\u00b0 y 8\u00b0<\/u><\/strong><\/p>\n<p>TEMA: C\u00f3mo acompa\u00f1ar en la preadolescencia (control de la ansiedad y crisis de angustia, da\u00f1o f\u00edsicos-cortes-desmotivaci\u00f3n escolar).<\/p>\n<p>Fecha: martes 20 de junio,\u00a0 on line (Meet)\u00a0 \u00a019:00 hrs<\/p>\n<p>&nbsp;<\/p>\n<p><u>El enlace de la reuni\u00f3n ser\u00e1 enviado a los correos de los apoderados y compartidos por los profesores jefes\u00a0 v\u00eda WhatsApp curso<\/u><\/p>\n<p>&nbsp;<\/p>\n<p>&nbsp;<\/p>\n","protected":false},"excerpt":{"rendered":"<p>Con el objetivo de entregar herramientas a nuestros\u00a0 apoderados para acompa\u00f1ar el proceso de desarrollo de su hijo\/a atendiendo a sus necesidades, el Equipo de Convivencia Escolar, invita a\u00a0 padres, madres y apoderados a participar en los talleres en l\u00ednea,\u00a0 que se realizar\u00e1n este semestre, en forma diferenciada seg\u00fan niveles; estos son dirigidos por la psic\u00f3loga Evelyn Hadad especialista en&nbsp;<a href=\"http:\/\/www.laprovidenciarecoleta.cl\/inicio\/talleres-para-madres-padres-y-apoderados-primer-semestre\/\">&hellip;<\/a><\/p>\n","protected":false},"author":6,"featured_media":4450,"comment_status":"closed","ping_status":"closed","sticky":false,"template":"","format":"standard","meta":{"footnotes":""},"categories":[113,16],"tags":[],"_links":{"self":[{"href":"http:\/\/www.laprovidenciarecoleta.cl\/inicio\/wp-json\/wp\/v2\/posts\/14420"}],"collection":[{"href":"http:\/\/www.laprovidenciarecoleta.cl\/inicio\/wp-json\/wp\/v2\/posts"}],"about":[{"href":"http:\/\/www.laprovidenciarecoleta.cl\/inicio\/wp-json\/wp\/v2\/types\/post"}],"author":[{"embeddable":true,"href":"http:\/\/www.laprovidenciarecoleta.cl\/inicio\/wp-json\/wp\/v2\/users\/6"}],"replies":[{"embeddable":true,"href":"http:\/\/www.laprovidenciarecoleta.cl\/inicio\/wp-json\/wp\/v2\/comments?post=14420"}],"version-history":[{"count":4,"href":"http:\/\/www.laprovidenciarecoleta.cl\/inicio\/wp-json\/wp\/v2\/posts\/14420\/revisions"}],"predecessor-version":[{"id":14424,"href":"http:\/\/www.laprovidenciarecoleta.cl\/inicio\/wp-json\/wp\/v2\/posts\/14420\/revisions\/14424"}],"wp:featuredmedia":[{"embeddable":true,"href":"http:\/\/www.laprovidenciarecoleta.cl\/inicio\/wp-json\/wp\/v2\/media\/4450"}],"wp:attachment":[{"href":"http:\/\/www.laprovidenciarecoleta.cl\/inicio\/wp-json\/wp\/v2\/media?parent=14420"}],"wp:term":[{"taxonomy":"category","embeddable":true,"href":"http:\/\/www.laprovidenciarecoleta.cl\/inicio\/wp-json\/wp\/v2\/categories?post=14420"},{"taxonomy":"post_tag","embeddable":true,"href":"http:\/\/www.laprovidenciarecoleta.cl\/inicio\/wp-json\/wp\/v2\/tags?post=14420"}],"curies":[{"name":"wp","href":"https:\/\/api.w.org\/{rel}","templated":true}]}}