{"id":14398,"date":"2023-04-25T10:51:26","date_gmt":"2023-04-25T14:51:26","guid":{"rendered":"http:\/\/www.laprovidenciarecoleta.cl\/inicio\/?p=14398"},"modified":"2023-04-25T10:57:47","modified_gmt":"2023-04-25T14:57:47","slug":"nuestros-estudiantes-realizan-visita-al-campus-providencia","status":"publish","type":"post","link":"http:\/\/www.laprovidenciarecoleta.cl\/inicio\/nuestros-estudiantes-realizan-visita-al-campus-providencia\/","title":{"rendered":"Nuestros estudiantes realizan visita al Campus Providencia"},"content":{"rendered":"<p>En el marco del aniversario 170 de la llegada de las Hermanas de la Providencia a Chile y buscando que nuestros estudiantes conozcan m\u00e1s de la Provincia Bernarda Morin y la Congregaci\u00f3n,\u00a0 la ma\u00f1ana del viernes 14 de abril, los estudiantes de sexto b\u00e1sico A, asistieron al Campus Providencia, acompa\u00f1ados por su profesor jefe Roberto Hern\u00e1ndez y la profesora Mar\u00eda Luisa Romero, encargada de Convivencia Escolar.<br \/>\nNuestros estudiantes pudieron conocer el Comedor Emilia Gamelin, el Sal\u00f3n Providencia, los jardines de la casa y la comunidad Bernarda Morin. Finalizaron el recorrido en el Centro Bernarda Morin, donde pudieron apreciar la Biblioteca patrimonial que contiene m\u00e1s de tres mil vol\u00famenes y el recientemente inaugurado laboratorio de conservaci\u00f3n.<br \/>\nDurante el encuentro fueron acogidos y acompa\u00f1ados por las hermanas Amanda Vilches y Lidia Cort\u00e9s, Loreto Fern\u00e1ndez de la oficina de la Causa de madre Bernarda y Yerko Quitral, el conservador, junto a las gu\u00edas, Sras. Ivonne Valenzuela e Ivonne Cruces, quienes son las encargadas de hacer el recorrido hist\u00f3rico patrimonial.<br \/>\nA trav\u00e9s de esta actividad, nuestros estudiantes pudieron vivenciar y conocer con m\u00e1s profundidad la historia de la vida y obra de la Sierva de Dios Bernarda Morin, junto a la espiritualidad y la misi\u00f3n de las Hermanas de la Providencia actualmente.<br \/>\nDurante el primer semestre tenemos agendada la visita de todos los estudiantes de quinto y sexto b\u00e1sico y esperamos que durante el segundo semestre otros cursos tambi\u00e9n puedan asistir.<\/p>\n<p>&nbsp;<\/p>\n<p>&nbsp;<\/p>\n\n\t\t<style type=\"text\/css\">\n\t\t\t#gallery-1 {\n\t\t\t\tmargin: auto;\n\t\t\t}\n\t\t\t#gallery-1 .gallery-item {\n\t\t\t\tfloat: left;\n\t\t\t\tmargin-top: 10px;\n\t\t\t\ttext-align: center;\n\t\t\t\twidth: 100%;\n\t\t\t}\n\t\t\t#gallery-1 img {\n\t\t\t\tborder: 2px solid #cfcfcf;\n\t\t\t}\n\t\t\t#gallery-1 .gallery-caption {\n\t\t\t\tmargin-left: 0;\n\t\t\t}\n\t\t\t\/* see gallery_shortcode() in wp-includes\/media.php *\/\n\t\t<\/style>\n\t\t<div id='gallery-1' class='gallery galleryid-14398 gallery-columns-1 gallery-size-large'><dl class='gallery-item'>\n\t\t\t<dt class='gallery-icon landscape'>\n\t\t\t\t<a href='http:\/\/www.laprovidenciarecoleta.cl\/inicio\/wp-content\/uploads\/2023\/04\/esj3.jpg'><img loading=\"lazy\" decoding=\"async\" width=\"1024\" height=\"461\" src=\"http:\/\/www.laprovidenciarecoleta.cl\/inicio\/wp-content\/uploads\/2023\/04\/esj3-1024x461.jpg\" class=\"attachment-large size-large\" alt=\"\" srcset=\"http:\/\/www.laprovidenciarecoleta.cl\/inicio\/wp-content\/uploads\/2023\/04\/esj3-1024x461.jpg 1024w, http:\/\/www.laprovidenciarecoleta.cl\/inicio\/wp-content\/uploads\/2023\/04\/esj3-300x135.jpg 300w, http:\/\/www.laprovidenciarecoleta.cl\/inicio\/wp-content\/uploads\/2023\/04\/esj3.jpg 1600w\" sizes=\"(max-width: 1024px) 100vw, 1024px\" \/><\/a>\n\t\t\t<\/dt><\/dl><br style=\"clear: both\" \/><dl class='gallery-item'>\n\t\t\t<dt class='gallery-icon landscape'>\n\t\t\t\t<a href='http:\/\/www.laprovidenciarecoleta.cl\/inicio\/wp-content\/uploads\/2023\/04\/esj9.jpg'><img loading=\"lazy\" decoding=\"async\" width=\"1024\" height=\"461\" src=\"http:\/\/www.laprovidenciarecoleta.cl\/inicio\/wp-content\/uploads\/2023\/04\/esj9-1024x461.jpg\" class=\"attachment-large size-large\" alt=\"\" srcset=\"http:\/\/www.laprovidenciarecoleta.cl\/inicio\/wp-content\/uploads\/2023\/04\/esj9-1024x461.jpg 1024w, http:\/\/www.laprovidenciarecoleta.cl\/inicio\/wp-content\/uploads\/2023\/04\/esj9-300x135.jpg 300w, http:\/\/www.laprovidenciarecoleta.cl\/inicio\/wp-content\/uploads\/2023\/04\/esj9.jpg 1600w\" sizes=\"(max-width: 1024px) 100vw, 1024px\" \/><\/a>\n\t\t\t<\/dt><\/dl><br style=\"clear: both\" \/><dl class='gallery-item'>\n\t\t\t<dt class='gallery-icon landscape'>\n\t\t\t\t<a href='http:\/\/www.laprovidenciarecoleta.cl\/inicio\/wp-content\/uploads\/2023\/04\/esj4-1.jpg'><img loading=\"lazy\" decoding=\"async\" width=\"1024\" height=\"461\" src=\"http:\/\/www.laprovidenciarecoleta.cl\/inicio\/wp-content\/uploads\/2023\/04\/esj4-1-1024x461.jpg\" class=\"attachment-large size-large\" alt=\"\" srcset=\"http:\/\/www.laprovidenciarecoleta.cl\/inicio\/wp-content\/uploads\/2023\/04\/esj4-1-1024x461.jpg 1024w, http:\/\/www.laprovidenciarecoleta.cl\/inicio\/wp-content\/uploads\/2023\/04\/esj4-1-300x135.jpg 300w, http:\/\/www.laprovidenciarecoleta.cl\/inicio\/wp-content\/uploads\/2023\/04\/esj4-1.jpg 1600w\" sizes=\"(max-width: 1024px) 100vw, 1024px\" \/><\/a>\n\t\t\t<\/dt><\/dl><br style=\"clear: both\" \/><dl class='gallery-item'>\n\t\t\t<dt class='gallery-icon portrait'>\n\t\t\t\t<a href='http:\/\/www.laprovidenciarecoleta.cl\/inicio\/wp-content\/uploads\/2023\/04\/esj1.jpg'><img loading=\"lazy\" decoding=\"async\" width=\"768\" height=\"1024\" src=\"http:\/\/www.laprovidenciarecoleta.cl\/inicio\/wp-content\/uploads\/2023\/04\/esj1-768x1024.jpg\" class=\"attachment-large size-large\" alt=\"\" srcset=\"http:\/\/www.laprovidenciarecoleta.cl\/inicio\/wp-content\/uploads\/2023\/04\/esj1-768x1024.jpg 768w, http:\/\/www.laprovidenciarecoleta.cl\/inicio\/wp-content\/uploads\/2023\/04\/esj1-225x300.jpg 225w, http:\/\/www.laprovidenciarecoleta.cl\/inicio\/wp-content\/uploads\/2023\/04\/esj1.jpg 1200w\" sizes=\"(max-width: 768px) 100vw, 768px\" \/><\/a>\n\t\t\t<\/dt><\/dl><br style=\"clear: both\" \/><dl class='gallery-item'>\n\t\t\t<dt class='gallery-icon portrait'>\n\t\t\t\t<a href='http:\/\/www.laprovidenciarecoleta.cl\/inicio\/wp-content\/uploads\/2023\/04\/esj10.jpg'><img loading=\"lazy\" decoding=\"async\" width=\"768\" height=\"1024\" src=\"http:\/\/www.laprovidenciarecoleta.cl\/inicio\/wp-content\/uploads\/2023\/04\/esj10-768x1024.jpg\" class=\"attachment-large size-large\" alt=\"\" srcset=\"http:\/\/www.laprovidenciarecoleta.cl\/inicio\/wp-content\/uploads\/2023\/04\/esj10-768x1024.jpg 768w, http:\/\/www.laprovidenciarecoleta.cl\/inicio\/wp-content\/uploads\/2023\/04\/esj10-225x300.jpg 225w, http:\/\/www.laprovidenciarecoleta.cl\/inicio\/wp-content\/uploads\/2023\/04\/esj10.jpg 1200w\" sizes=\"(max-width: 768px) 100vw, 768px\" \/><\/a>\n\t\t\t<\/dt><\/dl><br style=\"clear: both\" \/><dl class='gallery-item'>\n\t\t\t<dt class='gallery-icon portrait'>\n\t\t\t\t<a href='http:\/\/www.laprovidenciarecoleta.cl\/inicio\/wp-content\/uploads\/2023\/04\/esj5.jpg'><img loading=\"lazy\" decoding=\"async\" width=\"512\" height=\"1024\" src=\"http:\/\/www.laprovidenciarecoleta.cl\/inicio\/wp-content\/uploads\/2023\/04\/esj5-512x1024.jpg\" class=\"attachment-large size-large\" alt=\"\" srcset=\"http:\/\/www.laprovidenciarecoleta.cl\/inicio\/wp-content\/uploads\/2023\/04\/esj5-512x1024.jpg 512w, http:\/\/www.laprovidenciarecoleta.cl\/inicio\/wp-content\/uploads\/2023\/04\/esj5-150x300.jpg 150w, http:\/\/www.laprovidenciarecoleta.cl\/inicio\/wp-content\/uploads\/2023\/04\/esj5.jpg 640w\" sizes=\"(max-width: 512px) 100vw, 512px\" \/><\/a>\n\t\t\t<\/dt><\/dl><br style=\"clear: both\" \/>\n\t\t<\/div>\n\n","protected":false},"excerpt":{"rendered":"<p>En el marco del aniversario 170 de la llegada de las Hermanas de la Providencia a Chile y buscando que nuestros estudiantes conozcan m\u00e1s de la Provincia Bernarda Morin y la Congregaci\u00f3n,\u00a0 la ma\u00f1ana del viernes 14 de abril, los estudiantes de sexto b\u00e1sico A, asistieron al Campus Providencia, acompa\u00f1ados por su profesor jefe Roberto Hern\u00e1ndez y la profesora Mar\u00eda&nbsp;<a href=\"http:\/\/www.laprovidenciarecoleta.cl\/inicio\/nuestros-estudiantes-realizan-visita-al-campus-providencia\/\">&hellip;<\/a><\/p>\n","protected":false},"author":6,"featured_media":14400,"comment_status":"closed","ping_status":"closed","sticky":false,"template":"","format":"standard","meta":{"footnotes":""},"categories":[16],"tags":[],"_links":{"self":[{"href":"http:\/\/www.laprovidenciarecoleta.cl\/inicio\/wp-json\/wp\/v2\/posts\/14398"}],"collection":[{"href":"http:\/\/www.laprovidenciarecoleta.cl\/inicio\/wp-json\/wp\/v2\/posts"}],"about":[{"href":"http:\/\/www.laprovidenciarecoleta.cl\/inicio\/wp-json\/wp\/v2\/types\/post"}],"author":[{"embeddable":true,"href":"http:\/\/www.laprovidenciarecoleta.cl\/inicio\/wp-json\/wp\/v2\/users\/6"}],"replies":[{"embeddable":true,"href":"http:\/\/www.laprovidenciarecoleta.cl\/inicio\/wp-json\/wp\/v2\/comments?post=14398"}],"version-history":[{"count":6,"href":"http:\/\/www.laprovidenciarecoleta.cl\/inicio\/wp-json\/wp\/v2\/posts\/14398\/revisions"}],"predecessor-version":[{"id":14411,"href":"http:\/\/www.laprovidenciarecoleta.cl\/inicio\/wp-json\/wp\/v2\/posts\/14398\/revisions\/14411"}],"wp:featuredmedia":[{"embeddable":true,"href":"http:\/\/www.laprovidenciarecoleta.cl\/inicio\/wp-json\/wp\/v2\/media\/14400"}],"wp:attachment":[{"href":"http:\/\/www.laprovidenciarecoleta.cl\/inicio\/wp-json\/wp\/v2\/media?parent=14398"}],"wp:term":[{"taxonomy":"category","embeddable":true,"href":"http:\/\/www.laprovidenciarecoleta.cl\/inicio\/wp-json\/wp\/v2\/categories?post=14398"},{"taxonomy":"post_tag","embeddable":true,"href":"http:\/\/www.laprovidenciarecoleta.cl\/inicio\/wp-json\/wp\/v2\/tags?post=14398"}],"curies":[{"name":"wp","href":"https:\/\/api.w.org\/{rel}","templated":true}]}}