{"id":14347,"date":"2023-04-17T16:37:22","date_gmt":"2023-04-17T20:37:22","guid":{"rendered":"http:\/\/www.laprovidenciarecoleta.cl\/inicio\/?p=14347"},"modified":"2023-04-17T16:37:22","modified_gmt":"2023-04-17T20:37:22","slug":"nuestro-director-participo-en-encuentro-arquidiocesano-de-rectores","status":"publish","type":"post","link":"http:\/\/www.laprovidenciarecoleta.cl\/inicio\/nuestro-director-participo-en-encuentro-arquidiocesano-de-rectores\/","title":{"rendered":"Nuestro director particip\u00f3 en Encuentro Arquidiocesano de rectores"},"content":{"rendered":"<p>Con mucho entusiasmo se realiz\u00f3 el Encuentro Arquidiocesano de Rectores 2023, el pasado martes 11 de abril de modo presencial en la Universidad Cat\u00f3lica Silva Henr\u00edquez.<\/p>\n<p>Nuestra Escuela San Jos\u00e9 fue representada por nuestro director Ricardo A. Osorio Rojas.<\/p>\n<p>Este a\u00f1o, el encuentro invit\u00f3 a reflexionar en torno a lo que significa ser escuela cat\u00f3lica en un escenario complejo\u00a0con desaf\u00edos\u00a0que se presentan\u00a0en el \u00e1mbito educativo, en el Chile de<br \/>\nhoy. &#8220;Hemos querido reflexionar sobre el caminar de las comunidades educativas cat\u00f3licas y los desaf\u00edos que tenemos hoy, para a ser una mejor escuela al servicio de las personas&#8221; dijo el vicario.<br \/>\nPara facilitar la reflexi\u00f3n se organizaron cerca de 20 grupos donde los y las participantes compartieron entorno a la identidad de escuela cat\u00f3lica y el aporte que realizan las distintas comunidades educativas\u00a0a los desaf\u00edos del siglo XXI.<\/p>\n<p>Fuente: <a href=\"http:\/\/www.vicariaeducacion.cl\/detalle.php?id=1407\" target=\"_blank\" rel=\"noopener\">http:\/\/www.vicariaeducacion.cl\/<\/a><\/p>\n<p><a href=\"http:\/\/www.laprovidenciarecoleta.cl\/inicio\/wp-content\/uploads\/2023\/04\/foto1.jpg\"><img loading=\"lazy\" decoding=\"async\" class=\"aligncenter size-large wp-image-14350\" src=\"http:\/\/www.laprovidenciarecoleta.cl\/inicio\/wp-content\/uploads\/2023\/04\/foto1-1000x563.jpg\" alt=\"\" width=\"1000\" height=\"563\" srcset=\"http:\/\/www.laprovidenciarecoleta.cl\/inicio\/wp-content\/uploads\/2023\/04\/foto1.jpg 1000w, http:\/\/www.laprovidenciarecoleta.cl\/inicio\/wp-content\/uploads\/2023\/04\/foto1-300x169.jpg 300w\" sizes=\"(max-width: 1000px) 100vw, 1000px\" \/><\/a> <a href=\"http:\/\/www.laprovidenciarecoleta.cl\/inicio\/wp-content\/uploads\/2023\/04\/foto1.1.jpg\"><img loading=\"lazy\" decoding=\"async\" class=\"aligncenter size-large wp-image-14351\" src=\"http:\/\/www.laprovidenciarecoleta.cl\/inicio\/wp-content\/uploads\/2023\/04\/foto1.1-1000x563.jpg\" alt=\"\" width=\"1000\" height=\"563\" srcset=\"http:\/\/www.laprovidenciarecoleta.cl\/inicio\/wp-content\/uploads\/2023\/04\/foto1.1.jpg 1000w, http:\/\/www.laprovidenciarecoleta.cl\/inicio\/wp-content\/uploads\/2023\/04\/foto1.1-300x169.jpg 300w\" sizes=\"(max-width: 1000px) 100vw, 1000px\" \/><\/a><\/p>\n<p>&nbsp;<\/p>\n<p>&nbsp;<\/p>\n<p>&nbsp;<\/p>\n","protected":false},"excerpt":{"rendered":"<p>Con mucho entusiasmo se realiz\u00f3 el Encuentro Arquidiocesano de Rectores 2023, el pasado martes 11 de abril de modo presencial en la Universidad Cat\u00f3lica Silva Henr\u00edquez. Nuestra Escuela San Jos\u00e9 fue representada por nuestro director Ricardo A. Osorio Rojas. Este a\u00f1o, el encuentro invit\u00f3 a reflexionar en torno a lo que significa ser escuela cat\u00f3lica en un escenario complejo\u00a0con desaf\u00edos\u00a0que&nbsp;<a href=\"http:\/\/www.laprovidenciarecoleta.cl\/inicio\/nuestro-director-participo-en-encuentro-arquidiocesano-de-rectores\/\">&hellip;<\/a><\/p>\n","protected":false},"author":6,"featured_media":14349,"comment_status":"closed","ping_status":"closed","sticky":false,"template":"","format":"standard","meta":{"footnotes":""},"categories":[16],"tags":[],"_links":{"self":[{"href":"http:\/\/www.laprovidenciarecoleta.cl\/inicio\/wp-json\/wp\/v2\/posts\/14347"}],"collection":[{"href":"http:\/\/www.laprovidenciarecoleta.cl\/inicio\/wp-json\/wp\/v2\/posts"}],"about":[{"href":"http:\/\/www.laprovidenciarecoleta.cl\/inicio\/wp-json\/wp\/v2\/types\/post"}],"author":[{"embeddable":true,"href":"http:\/\/www.laprovidenciarecoleta.cl\/inicio\/wp-json\/wp\/v2\/users\/6"}],"replies":[{"embeddable":true,"href":"http:\/\/www.laprovidenciarecoleta.cl\/inicio\/wp-json\/wp\/v2\/comments?post=14347"}],"version-history":[{"count":2,"href":"http:\/\/www.laprovidenciarecoleta.cl\/inicio\/wp-json\/wp\/v2\/posts\/14347\/revisions"}],"predecessor-version":[{"id":14352,"href":"http:\/\/www.laprovidenciarecoleta.cl\/inicio\/wp-json\/wp\/v2\/posts\/14347\/revisions\/14352"}],"wp:featuredmedia":[{"embeddable":true,"href":"http:\/\/www.laprovidenciarecoleta.cl\/inicio\/wp-json\/wp\/v2\/media\/14349"}],"wp:attachment":[{"href":"http:\/\/www.laprovidenciarecoleta.cl\/inicio\/wp-json\/wp\/v2\/media?parent=14347"}],"wp:term":[{"taxonomy":"category","embeddable":true,"href":"http:\/\/www.laprovidenciarecoleta.cl\/inicio\/wp-json\/wp\/v2\/categories?post=14347"},{"taxonomy":"post_tag","embeddable":true,"href":"http:\/\/www.laprovidenciarecoleta.cl\/inicio\/wp-json\/wp\/v2\/tags?post=14347"}],"curies":[{"name":"wp","href":"https:\/\/api.w.org\/{rel}","templated":true}]}}