{"id":14339,"date":"2023-03-02T13:24:37","date_gmt":"2023-03-02T16:24:37","guid":{"rendered":"http:\/\/www.laprovidenciarecoleta.cl\/inicio\/?p=14339"},"modified":"2023-04-14T13:25:10","modified_gmt":"2023-04-14T17:25:10","slug":"iniciamos-el-ano-con-jornada-de-motivacion-y-autocuidado-para-nuestros-funcionarios","status":"publish","type":"post","link":"http:\/\/www.laprovidenciarecoleta.cl\/inicio\/iniciamos-el-ano-con-jornada-de-motivacion-y-autocuidado-para-nuestros-funcionarios\/","title":{"rendered":"Iniciamos el a\u00f1o con jornada de motivaci\u00f3n y autocuidado para nuestros funcionarios"},"content":{"rendered":"<p>El comienzo del a\u00f1o escolar 2023 es un momento clave, donde cada persona inicia un proceso cargado de expectativas, deseos, preocupaciones, ganas de encontrarse con otros\/as. Con motivo<br \/>\nde este reencuentro, el equipo de gesti\u00f3n consider\u00f3 necesario tener un tiempo para fortalecer los lazos en la comunidad y as\u00ed iniciar un nuevo y desafiante a\u00f1o escolar, junto con acoger los<br \/>\nlineamientos del Mineduc quien invit\u00f3 a las comunidades educativas a tener un proceso de acogida a nivel institucional y a nivel de aula.<br \/>\nPara ello contratamos los servicios de la psic\u00f3loga Evelyn Hadad, especialista en intervenciones educativas estrat\u00e9gicas, quien el lunes 27 de febrero en una jornada de 4 horas fue abordando<br \/>\naspectos que quisimos enfatizar: motivaci\u00f3n docente, trabajo colaborativo y sentido de pertenencia. Se fueron abordando las diferentes tem\u00e1ticas mediante t\u00e9cnicas participativas,<br \/>\ntrabajo en equipo, compartir grupal, actividades donde participaron todos los integrantes de la comunidad de manera alegre y distendida.<br \/>\nUno de los temas en que enfatizamos fue las medidas de autocuidado y bienestar socioemocional de cada uno, c\u00f3mo hacerse cargo de las emociones que surgen en la desafiante labor de educar a<br \/>\nni\u00f1os, ni\u00f1as y j\u00f3venes en el actual contexto.<br \/>\nEn general la experiencia fue positiva ya que varios integrantes de la comunidad pensaban que la jornada empezar\u00eda con informaciones y temas pedag\u00f3gicos, por lo tanto, agradec\u00edan que la<br \/>\nescuela hubiera gestionado este espacio de compartir.<br \/>\nHemos considerado repetir esta experiencia a finales del primer semestre para as\u00ed ir acompa\u00f1ando a la comunidad en la promoci\u00f3n del bienestar socioemocional para de esta manera prestar un<br \/>\nmejor servicio a nuestros estudiantes y apoderados.<\/p>\n<p style=\"text-align: center;\">Mar\u00eda Luisa Romero<br \/>\nOrientadora<\/p>\n<p>&nbsp;<\/p>\n<p><a href=\"http:\/\/www.laprovidenciarecoleta.cl\/inicio\/wp-content\/uploads\/2023\/04\/1.jpg\" target=\"_blank\" rel=\"noopener\"><img loading=\"lazy\" decoding=\"async\" class=\"aligncenter wp-image-14342 size-medium\" src=\"http:\/\/www.laprovidenciarecoleta.cl\/inicio\/wp-content\/uploads\/2023\/04\/1-300x225.jpg\" alt=\"\" width=\"300\" height=\"225\" srcset=\"http:\/\/www.laprovidenciarecoleta.cl\/inicio\/wp-content\/uploads\/2023\/04\/1-300x225.jpg 300w, http:\/\/www.laprovidenciarecoleta.cl\/inicio\/wp-content\/uploads\/2023\/04\/1-1024x768.jpg 1024w, http:\/\/www.laprovidenciarecoleta.cl\/inicio\/wp-content\/uploads\/2023\/04\/1.jpg 1600w\" sizes=\"(max-width: 300px) 100vw, 300px\" \/><\/a> <a href=\"http:\/\/www.laprovidenciarecoleta.cl\/inicio\/wp-content\/uploads\/2023\/04\/2.jpg\"><img loading=\"lazy\" decoding=\"async\" class=\"aligncenter size-large wp-image-14343\" src=\"http:\/\/www.laprovidenciarecoleta.cl\/inicio\/wp-content\/uploads\/2023\/04\/2-1024x768.jpg\" alt=\"\" width=\"1024\" height=\"768\" srcset=\"http:\/\/www.laprovidenciarecoleta.cl\/inicio\/wp-content\/uploads\/2023\/04\/2-1024x768.jpg 1024w, http:\/\/www.laprovidenciarecoleta.cl\/inicio\/wp-content\/uploads\/2023\/04\/2-300x225.jpg 300w, http:\/\/www.laprovidenciarecoleta.cl\/inicio\/wp-content\/uploads\/2023\/04\/2.jpg 1600w\" sizes=\"(max-width: 1024px) 100vw, 1024px\" \/><\/a> <a href=\"http:\/\/www.laprovidenciarecoleta.cl\/inicio\/wp-content\/uploads\/2023\/04\/3-1.jpg\"><img loading=\"lazy\" decoding=\"async\" class=\"aligncenter size-large wp-image-14344\" src=\"http:\/\/www.laprovidenciarecoleta.cl\/inicio\/wp-content\/uploads\/2023\/04\/3-1-1024x768.jpg\" alt=\"\" width=\"1024\" height=\"768\" srcset=\"http:\/\/www.laprovidenciarecoleta.cl\/inicio\/wp-content\/uploads\/2023\/04\/3-1-1024x768.jpg 1024w, http:\/\/www.laprovidenciarecoleta.cl\/inicio\/wp-content\/uploads\/2023\/04\/3-1-300x225.jpg 300w, http:\/\/www.laprovidenciarecoleta.cl\/inicio\/wp-content\/uploads\/2023\/04\/3-1.jpg 1600w\" sizes=\"(max-width: 1024px) 100vw, 1024px\" \/><\/a> <a href=\"http:\/\/www.laprovidenciarecoleta.cl\/inicio\/wp-content\/uploads\/2023\/04\/4.jpg\"><img loading=\"lazy\" decoding=\"async\" class=\"aligncenter size-large wp-image-14345\" src=\"http:\/\/www.laprovidenciarecoleta.cl\/inicio\/wp-content\/uploads\/2023\/04\/4-768x1024.jpg\" alt=\"\" width=\"768\" height=\"1024\" srcset=\"http:\/\/www.laprovidenciarecoleta.cl\/inicio\/wp-content\/uploads\/2023\/04\/4-768x1024.jpg 768w, http:\/\/www.laprovidenciarecoleta.cl\/inicio\/wp-content\/uploads\/2023\/04\/4-225x300.jpg 225w, http:\/\/www.laprovidenciarecoleta.cl\/inicio\/wp-content\/uploads\/2023\/04\/4.jpg 1200w\" sizes=\"(max-width: 768px) 100vw, 768px\" \/><\/a><\/p>\n","protected":false},"excerpt":{"rendered":"<p>El comienzo del a\u00f1o escolar 2023 es un momento clave, donde cada persona inicia un proceso cargado de expectativas, deseos, preocupaciones, ganas de encontrarse con otros\/as. Con motivo de este reencuentro, el equipo de gesti\u00f3n consider\u00f3 necesario tener un tiempo para fortalecer los lazos en la comunidad y as\u00ed iniciar un nuevo y desafiante a\u00f1o escolar, junto con acoger los&nbsp;<a href=\"http:\/\/www.laprovidenciarecoleta.cl\/inicio\/iniciamos-el-ano-con-jornada-de-motivacion-y-autocuidado-para-nuestros-funcionarios\/\">&hellip;<\/a><\/p>\n","protected":false},"author":6,"featured_media":14341,"comment_status":"closed","ping_status":"closed","sticky":false,"template":"","format":"standard","meta":{"footnotes":""},"categories":[16],"tags":[],"_links":{"self":[{"href":"http:\/\/www.laprovidenciarecoleta.cl\/inicio\/wp-json\/wp\/v2\/posts\/14339"}],"collection":[{"href":"http:\/\/www.laprovidenciarecoleta.cl\/inicio\/wp-json\/wp\/v2\/posts"}],"about":[{"href":"http:\/\/www.laprovidenciarecoleta.cl\/inicio\/wp-json\/wp\/v2\/types\/post"}],"author":[{"embeddable":true,"href":"http:\/\/www.laprovidenciarecoleta.cl\/inicio\/wp-json\/wp\/v2\/users\/6"}],"replies":[{"embeddable":true,"href":"http:\/\/www.laprovidenciarecoleta.cl\/inicio\/wp-json\/wp\/v2\/comments?post=14339"}],"version-history":[{"count":2,"href":"http:\/\/www.laprovidenciarecoleta.cl\/inicio\/wp-json\/wp\/v2\/posts\/14339\/revisions"}],"predecessor-version":[{"id":14346,"href":"http:\/\/www.laprovidenciarecoleta.cl\/inicio\/wp-json\/wp\/v2\/posts\/14339\/revisions\/14346"}],"wp:featuredmedia":[{"embeddable":true,"href":"http:\/\/www.laprovidenciarecoleta.cl\/inicio\/wp-json\/wp\/v2\/media\/14341"}],"wp:attachment":[{"href":"http:\/\/www.laprovidenciarecoleta.cl\/inicio\/wp-json\/wp\/v2\/media?parent=14339"}],"wp:term":[{"taxonomy":"category","embeddable":true,"href":"http:\/\/www.laprovidenciarecoleta.cl\/inicio\/wp-json\/wp\/v2\/categories?post=14339"},{"taxonomy":"post_tag","embeddable":true,"href":"http:\/\/www.laprovidenciarecoleta.cl\/inicio\/wp-json\/wp\/v2\/tags?post=14339"}],"curies":[{"name":"wp","href":"https:\/\/api.w.org\/{rel}","templated":true}]}}