{"id":14281,"date":"2023-03-09T21:54:08","date_gmt":"2023-03-10T00:54:08","guid":{"rendered":"http:\/\/www.laprovidenciarecoleta.cl\/inicio\/?p=14281"},"modified":"2023-03-09T21:54:08","modified_gmt":"2023-03-10T00:54:08","slug":"1-reunion-de-apoderados-2023","status":"publish","type":"post","link":"http:\/\/www.laprovidenciarecoleta.cl\/inicio\/1-reunion-de-apoderados-2023\/","title":{"rendered":"1\u00b0 Reuni\u00f3n de apoderados 2023"},"content":{"rendered":"<p><strong>El pr\u00f3ximo martes 14 de marzo a las 18:00 horas realizaremos nuestra primera reuni\u00f3n de apoderados (presencial)<\/strong><\/p>\n<p><strong>De antemano agradecemos su asistencia y puntualidad.<\/strong><\/p>\n","protected":false},"excerpt":{"rendered":"<p>El pr\u00f3ximo martes 14 de marzo a las 18:00 horas realizaremos nuestra primera reuni\u00f3n de apoderados (presencial) De antemano agradecemos su asistencia y puntualidad.<\/p>\n","protected":false},"author":6,"featured_media":4450,"comment_status":"closed","ping_status":"closed","sticky":false,"template":"","format":"standard","meta":{"footnotes":""},"categories":[113],"tags":[],"_links":{"self":[{"href":"http:\/\/www.laprovidenciarecoleta.cl\/inicio\/wp-json\/wp\/v2\/posts\/14281"}],"collection":[{"href":"http:\/\/www.laprovidenciarecoleta.cl\/inicio\/wp-json\/wp\/v2\/posts"}],"about":[{"href":"http:\/\/www.laprovidenciarecoleta.cl\/inicio\/wp-json\/wp\/v2\/types\/post"}],"author":[{"embeddable":true,"href":"http:\/\/www.laprovidenciarecoleta.cl\/inicio\/wp-json\/wp\/v2\/users\/6"}],"replies":[{"embeddable":true,"href":"http:\/\/www.laprovidenciarecoleta.cl\/inicio\/wp-json\/wp\/v2\/comments?post=14281"}],"version-history":[{"count":2,"href":"http:\/\/www.laprovidenciarecoleta.cl\/inicio\/wp-json\/wp\/v2\/posts\/14281\/revisions"}],"predecessor-version":[{"id":14283,"href":"http:\/\/www.laprovidenciarecoleta.cl\/inicio\/wp-json\/wp\/v2\/posts\/14281\/revisions\/14283"}],"wp:featuredmedia":[{"embeddable":true,"href":"http:\/\/www.laprovidenciarecoleta.cl\/inicio\/wp-json\/wp\/v2\/media\/4450"}],"wp:attachment":[{"href":"http:\/\/www.laprovidenciarecoleta.cl\/inicio\/wp-json\/wp\/v2\/media?parent=14281"}],"wp:term":[{"taxonomy":"category","embeddable":true,"href":"http:\/\/www.laprovidenciarecoleta.cl\/inicio\/wp-json\/wp\/v2\/categories?post=14281"},{"taxonomy":"post_tag","embeddable":true,"href":"http:\/\/www.laprovidenciarecoleta.cl\/inicio\/wp-json\/wp\/v2\/tags?post=14281"}],"curies":[{"name":"wp","href":"https:\/\/api.w.org\/{rel}","templated":true}]}}