{"id":14267,"date":"2023-02-27T16:34:06","date_gmt":"2023-02-27T19:34:06","guid":{"rendered":"http:\/\/www.laprovidenciarecoleta.cl\/inicio\/?p=14267"},"modified":"2023-02-27T16:34:06","modified_gmt":"2023-02-27T19:34:06","slug":"comunicado-n1-ano-academico-2023","status":"publish","type":"post","link":"http:\/\/www.laprovidenciarecoleta.cl\/inicio\/comunicado-n1-ano-academico-2023\/","title":{"rendered":"Comunicado n\u00b01   A\u00f1o acad\u00e9mico 2023"},"content":{"rendered":"<p>Recoleta, 27 de febrero de 2023.<\/p>\n<p>Estimados padres y apoderados reciban un cordial saludo. Nos dirigimos a ustedes para comunicar algunos aspectos importantes en relaci\u00f3n con el inicio del a\u00f1o escolar 2023:<\/p>\n<p>1.- En relaci\u00f3n al inicio de clases este ser\u00e1 el d\u00eda mi\u00e9rcoles 01 de marzo de 2023 a las 8:00 hrs. La entrada de todos los estudiantes ser\u00e1 por El Roble # 661 (entrada principal).<\/p>\n<p>2.- El horario y lugar de salida de mi\u00e9rcoles 01, jueves 02 y viernes 03 ser\u00e1 el siguiente:<\/p>\n<table>\n<tbody>\n<tr>\n<td width=\"73\">&nbsp;<\/td>\n<td width=\"115\">Mi\u00e9rcoles 01<\/td>\n<td width=\"111\">Jueves 02<\/td>\n<td width=\"112\">Viernes 03<\/td>\n<td width=\"193\">Lugar de salida<\/td>\n<\/tr>\n<tr>\n<td width=\"73\">K\u00ednder<\/td>\n<td width=\"115\">08:00 a 12:00 hrs<\/td>\n<td width=\"111\">08:00 a 12:00 hrs<\/td>\n<td width=\"112\">08:00 a 12:00 hrs<\/td>\n<td width=\"193\"><strong>Puerta principal<\/strong> (apoderados ingresan a la escuela y retiran a los estudiantes en su sala)<\/td>\n<\/tr>\n<tr>\n<td width=\"73\">1\u00b0 a 4\u00b0 b\u00e1sico<\/td>\n<td width=\"115\">08:00 a 12:25 hrs<\/td>\n<td width=\"111\">08:00 a 12:25 hrs<\/td>\n<td width=\"112\">08:00 a 12:25 hrs<\/td>\n<td width=\"193\"><strong>Puerta principal<\/strong> (apoderados ingresan a la escuela y retiran a los estudiantes en su sala)<\/td>\n<\/tr>\n<tr>\n<td width=\"73\">5\u00b0 a 8\u00b0 b\u00e1sico<\/td>\n<td width=\"115\">08:00 a 12:25 hrs<\/td>\n<td width=\"111\">08:00 a 12.25 hrs<\/td>\n<td width=\"112\">08:00 a 12:25 hrs<\/td>\n<td width=\"193\">\u00a0<strong>Puerta lateral<\/strong> (el roble 659) estudiantes que se van solos.<\/p>\n<p><strong>Puerta principal<\/strong> los estudiantes que retirados por el apoderado.<\/td>\n<\/tr>\n<\/tbody>\n<\/table>\n<p>Las clases comienzan a las 08:00 hrs, por lo tanto, los estudiantes que ingresen despu\u00e9s de las 08:05 hrs se considerar\u00e1 atraso.<\/p>\n<p>3.- A partir del lunes 06 de marzo comenzaremos con la jornada escolar completa, el horario lo entregar\u00e1 el profesor\/a jefe.<\/p>\n<p>4.- El servicio de alimentaci\u00f3n JUNAEB comenzar\u00e1 a atender a partir del viernes 3 de marzo, para todos los estudiantes que sean beneficiarios.<\/p>\n<p>5.- Presentaci\u00f3n Personal ideal:<\/p>\n<table>\n<tbody>\n<tr>\n<td width=\"294\"><strong><em>De k\u00ednder a 8\u00b0 (varones)<\/em><\/strong><\/p>\n<p>Pantal\u00f3n gris (no pitillo)<\/p>\n<p>Camisa blanca con corbata con el logo de la escuela y\/o polera pique de la escuela<\/p>\n<p>Chaleco o poler\u00f3n azul marino (sin dibujos ni im\u00e1genes)<\/p>\n<p>Parka azul<\/p>\n<p>Zapatos o zapatillas negras (sin franjas de colores)<\/p>\n<p>Para Ed. F\u00edsica el uso del buzo y polera de la escuela.<\/p>\n<p>&nbsp;<\/td>\n<td width=\"294\">&nbsp;<\/p>\n<p>&nbsp;<\/p>\n<p><strong><em>De k\u00ednder a 8\u00b0 (damas)<\/em><\/strong><\/p>\n<p>Jumper azul<\/p>\n<p>Blusa blanca y corbata con el logo de la escuela y\/o polera pique de la escuela<\/p>\n<p>Chaleco o poler\u00f3n azul marino (sin dibujos ni im\u00e1genes)<\/p>\n<p>Zapatos o zapatillas negras (sin franjas de colores)<\/p>\n<p>Calcetas azules<\/p>\n<p>Parka azul<\/p>\n<p>Pantal\u00f3n azul (no pitillo) durante los meses de mayo a septiembre.<\/p>\n<p>Para Ed. F\u00edsica el uso del buzo y polera de la escuela.<\/p>\n<p>&nbsp;<\/td>\n<\/tr>\n<\/tbody>\n<\/table>\n<p>Respecto con el uso del buzo de la Escuela Particular San Jos\u00e9, s\u00f3lo se permitir\u00e1 para el o los d\u00edas que por horario tengan clases de educaci\u00f3n f\u00edsica y\/o talleres extra- program\u00e1ticos.<\/p>\n<p>&nbsp;<\/p>\n<p>Seg\u00fan el reglamento interno no se permite:<\/p>\n<ul>\n<li>Cortes de pelos no tradicionales, ni el uso de<\/li>\n<li>Respecto a las joyas, s\u00f3lo se aceptar\u00e1 el uso tradicional de aros peque\u00f1os y discretos (\u00fanico y en el borde inferior de la oreja) en las ni\u00f1as.<\/li>\n<li>No se permitir\u00e1 el uso de pearcing visibles.<\/li>\n<li>No se permitir\u00e1 el uso de maquillaje o cosm\u00e9ticos, ni esmalte de u\u00f1as de colores<\/li>\n<\/ul>\n<p>&nbsp;<\/p>\n<p>6.- Retiro de estudiantes:<\/p>\n<p>No podr\u00e1n ser retirados los estudiantes que tengan una prueba o evaluaci\u00f3n programada.<\/p>\n<p>7.- El uso de celular es responsabilidad del estudiante, la escuela no se har\u00e1 responsable de perdidas. El celular no puede ser usado durante las horas de clases.<\/p>\n<p>&nbsp;<\/p>\n<p>Deseando tengan un buen inicio de a\u00f1o 2023.<\/p>\n<p>&nbsp;<\/p>\n<p>Equipo de gesti\u00f3n.<\/p>\n<p>Escuela San Jos\u00e9.<\/p>\n<p>&nbsp;<\/p>\n<p style=\"text-align: center;\"><strong><em>\u00a0\u201cPropender siempre a la paz y a la uni\u00f3n\u201d<\/em><\/strong><\/p>\n<p style=\"text-align: center;\"><strong><em>Sierva de Dios Madre Bernarda Morin \u2013 170 a\u00f1os de presencia en Chile.<\/em><\/strong><\/p>\n","protected":false},"excerpt":{"rendered":"<p>Recoleta, 27 de febrero de 2023. Estimados padres y apoderados reciban un cordial saludo. Nos dirigimos a ustedes para comunicar algunos aspectos importantes en relaci\u00f3n con el inicio del a\u00f1o escolar 2023: 1.- En relaci\u00f3n al inicio de clases este ser\u00e1 el d\u00eda mi\u00e9rcoles 01 de marzo de 2023 a las 8:00 hrs. La entrada de todos los estudiantes ser\u00e1&nbsp;<a href=\"http:\/\/www.laprovidenciarecoleta.cl\/inicio\/comunicado-n1-ano-academico-2023\/\">&hellip;<\/a><\/p>\n","protected":false},"author":6,"featured_media":4450,"comment_status":"closed","ping_status":"closed","sticky":false,"template":"","format":"standard","meta":{"footnotes":""},"categories":[113,16],"tags":[],"_links":{"self":[{"href":"http:\/\/www.laprovidenciarecoleta.cl\/inicio\/wp-json\/wp\/v2\/posts\/14267"}],"collection":[{"href":"http:\/\/www.laprovidenciarecoleta.cl\/inicio\/wp-json\/wp\/v2\/posts"}],"about":[{"href":"http:\/\/www.laprovidenciarecoleta.cl\/inicio\/wp-json\/wp\/v2\/types\/post"}],"author":[{"embeddable":true,"href":"http:\/\/www.laprovidenciarecoleta.cl\/inicio\/wp-json\/wp\/v2\/users\/6"}],"replies":[{"embeddable":true,"href":"http:\/\/www.laprovidenciarecoleta.cl\/inicio\/wp-json\/wp\/v2\/comments?post=14267"}],"version-history":[{"count":1,"href":"http:\/\/www.laprovidenciarecoleta.cl\/inicio\/wp-json\/wp\/v2\/posts\/14267\/revisions"}],"predecessor-version":[{"id":14268,"href":"http:\/\/www.laprovidenciarecoleta.cl\/inicio\/wp-json\/wp\/v2\/posts\/14267\/revisions\/14268"}],"wp:featuredmedia":[{"embeddable":true,"href":"http:\/\/www.laprovidenciarecoleta.cl\/inicio\/wp-json\/wp\/v2\/media\/4450"}],"wp:attachment":[{"href":"http:\/\/www.laprovidenciarecoleta.cl\/inicio\/wp-json\/wp\/v2\/media?parent=14267"}],"wp:term":[{"taxonomy":"category","embeddable":true,"href":"http:\/\/www.laprovidenciarecoleta.cl\/inicio\/wp-json\/wp\/v2\/categories?post=14267"},{"taxonomy":"post_tag","embeddable":true,"href":"http:\/\/www.laprovidenciarecoleta.cl\/inicio\/wp-json\/wp\/v2\/tags?post=14267"}],"curies":[{"name":"wp","href":"https:\/\/api.w.org\/{rel}","templated":true}]}}