{"id":12131,"date":"2020-12-30T21:57:53","date_gmt":"2020-12-31T00:57:53","guid":{"rendered":"http:\/\/www.laprovidenciarecoleta.cl\/escuela\/?p=12131"},"modified":"2020-12-30T21:57:53","modified_gmt":"2020-12-31T00:57:53","slug":"saludo-de-superiora-provincial-por-el-termino-del-ano-escolar","status":"publish","type":"post","link":"http:\/\/www.laprovidenciarecoleta.cl\/inicio\/saludo-de-superiora-provincial-por-el-termino-del-ano-escolar\/","title":{"rendered":"Saludo de la Superiora Provincial por el t\u00e9rmino de nuestro a\u00f1o escolar"},"content":{"rendered":"<p>&nbsp;<\/p>\n<p>Hna. Mar\u00eda Antonieta Trimpay, superiora Provincial de la Congregaci\u00f3n Hermanas de la Providencia, junto a la oficina vinculante de servicios, nos env\u00eda carta de gratitud por todo lo realizado en este tiempo tan desafiante y complejo.<a href=\"http:\/\/www.laprovidenciarecoleta.cl\/inicio\/wp-content\/uploads\/2020\/12\/Carta-agradecimiento-2020_page-0001.jpg\"><br \/>\n<img loading=\"lazy\" decoding=\"async\" class=\"aligncenter size-large wp-image-12134\" src=\"http:\/\/www.laprovidenciarecoleta.cl\/inicio\/wp-content\/uploads\/2020\/12\/Carta-agradecimiento-2020_page-0001-791x1024.jpg\" alt=\"\" width=\"791\" height=\"1024\" srcset=\"http:\/\/www.laprovidenciarecoleta.cl\/inicio\/wp-content\/uploads\/2020\/12\/Carta-agradecimiento-2020_page-0001-791x1024.jpg 791w, http:\/\/www.laprovidenciarecoleta.cl\/inicio\/wp-content\/uploads\/2020\/12\/Carta-agradecimiento-2020_page-0001-232x300.jpg 232w, http:\/\/www.laprovidenciarecoleta.cl\/inicio\/wp-content\/uploads\/2020\/12\/Carta-agradecimiento-2020_page-0001.jpg 1275w\" sizes=\"(max-width: 791px) 100vw, 791px\" \/><\/a> <a href=\"http:\/\/www.laprovidenciarecoleta.cl\/inicio\/wp-content\/uploads\/2020\/12\/Carta-agradecimiento-2020_page-0002.jpg\"><img loading=\"lazy\" decoding=\"async\" class=\"alignnone size-large wp-image-12135\" src=\"http:\/\/www.laprovidenciarecoleta.cl\/inicio\/wp-content\/uploads\/2020\/12\/Carta-agradecimiento-2020_page-0002-791x1024.jpg\" alt=\"\" width=\"791\" height=\"1024\" srcset=\"http:\/\/www.laprovidenciarecoleta.cl\/inicio\/wp-content\/uploads\/2020\/12\/Carta-agradecimiento-2020_page-0002-791x1024.jpg 791w, http:\/\/www.laprovidenciarecoleta.cl\/inicio\/wp-content\/uploads\/2020\/12\/Carta-agradecimiento-2020_page-0002-232x300.jpg 232w, http:\/\/www.laprovidenciarecoleta.cl\/inicio\/wp-content\/uploads\/2020\/12\/Carta-agradecimiento-2020_page-0002.jpg 1275w\" sizes=\"(max-width: 791px) 100vw, 791px\" \/><\/a><\/p>\n<p>&nbsp;<\/p>\n<p>&nbsp;<\/p>\n<p>&nbsp;<\/p>\n<p>&nbsp;<\/p>\n<p>&nbsp;<\/p>\n","protected":false},"excerpt":{"rendered":"<p>&nbsp; Hna. Mar\u00eda Antonieta Trimpay, superiora Provincial de la Congregaci\u00f3n Hermanas de la Providencia, junto a la oficina vinculante de servicios, nos env\u00eda carta de gratitud por todo lo realizado en este tiempo tan desafiante y complejo. &nbsp; &nbsp; &nbsp; &nbsp; &nbsp;<\/p>\n","protected":false},"author":6,"featured_media":12137,"comment_status":"open","ping_status":"open","sticky":false,"template":"","format":"standard","meta":{"footnotes":""},"categories":[16],"tags":[],"_links":{"self":[{"href":"http:\/\/www.laprovidenciarecoleta.cl\/inicio\/wp-json\/wp\/v2\/posts\/12131"}],"collection":[{"href":"http:\/\/www.laprovidenciarecoleta.cl\/inicio\/wp-json\/wp\/v2\/posts"}],"about":[{"href":"http:\/\/www.laprovidenciarecoleta.cl\/inicio\/wp-json\/wp\/v2\/types\/post"}],"author":[{"embeddable":true,"href":"http:\/\/www.laprovidenciarecoleta.cl\/inicio\/wp-json\/wp\/v2\/users\/6"}],"replies":[{"embeddable":true,"href":"http:\/\/www.laprovidenciarecoleta.cl\/inicio\/wp-json\/wp\/v2\/comments?post=12131"}],"version-history":[{"count":0,"href":"http:\/\/www.laprovidenciarecoleta.cl\/inicio\/wp-json\/wp\/v2\/posts\/12131\/revisions"}],"wp:featuredmedia":[{"embeddable":true,"href":"http:\/\/www.laprovidenciarecoleta.cl\/inicio\/wp-json\/wp\/v2\/media\/12137"}],"wp:attachment":[{"href":"http:\/\/www.laprovidenciarecoleta.cl\/inicio\/wp-json\/wp\/v2\/media?parent=12131"}],"wp:term":[{"taxonomy":"category","embeddable":true,"href":"http:\/\/www.laprovidenciarecoleta.cl\/inicio\/wp-json\/wp\/v2\/categories?post=12131"},{"taxonomy":"post_tag","embeddable":true,"href":"http:\/\/www.laprovidenciarecoleta.cl\/inicio\/wp-json\/wp\/v2\/tags?post=12131"}],"curies":[{"name":"wp","href":"https:\/\/api.w.org\/{rel}","templated":true}]}}