{"id":12123,"date":"2020-12-28T23:20:28","date_gmt":"2020-12-29T02:20:28","guid":{"rendered":"http:\/\/www.laprovidenciarecoleta.cl\/escuela\/?p=12123"},"modified":"2020-12-28T23:20:28","modified_gmt":"2020-12-29T02:20:28","slug":"comunicado-8","status":"publish","type":"post","link":"http:\/\/www.laprovidenciarecoleta.cl\/inicio\/comunicado-8\/","title":{"rendered":"Comunicado"},"content":{"rendered":"<p><a href=\"http:\/\/www.laprovidenciarecoleta.cl\/escuela\/comunicado-8\/comunicado-8\/\" rel=\"attachment wp-att-12124\"><img loading=\"lazy\" decoding=\"async\" class=\"alignnone size-large wp-image-12124\" src=\"http:\/\/www.laprovidenciarecoleta.cl\/inicio\/wp-content\/uploads\/2020\/12\/Comunicado-1024x576.jpg\" alt=\"\" width=\"1024\" height=\"576\" srcset=\"http:\/\/www.laprovidenciarecoleta.cl\/inicio\/wp-content\/uploads\/2020\/12\/Comunicado-1024x576.jpg 1024w, http:\/\/www.laprovidenciarecoleta.cl\/inicio\/wp-content\/uploads\/2020\/12\/Comunicado-300x169.jpg 300w, http:\/\/www.laprovidenciarecoleta.cl\/inicio\/wp-content\/uploads\/2020\/12\/Comunicado.jpg 1280w\" sizes=\"(max-width: 1024px) 100vw, 1024px\" \/><\/a><\/p>\n<p>Estimados padres y apoderados:<\/p>\n<p>Con el fin de mantenerles informados y transmitirles tranquilidad en el retorno a clases presenciales el a\u00f1o 2021, damos a conocer que la escuela San Jos\u00e9 se encuentra organizando medidas de cuidado y protecci\u00f3n para un retorno a clases seguro (presenciales 2021) conforme a la normativa del Ministerio de Educaci\u00f3n y el Ministerio de Salud (MINSAL).<\/p>\n<p>De acuerdo con lo anterior se hace necesario transitar desde la educaci\u00f3n a distancia hacia la implementaci\u00f3n de las condiciones que se requieren para acoger a nuestra comunidad educativa en un <em>entorno protector, organizado y preparado para atender las necesidades que requiere el contexto post confinamiento<\/em>.<\/p>\n<p>Esta planificaci\u00f3n tiene considerado: protocolos de limpieza y desinfecci\u00f3n del establecimiento, horarios y turnos de trabajo del personal que realice este trabajo, de actuaci\u00f3n para abordar situaciones de sospecha o contagio de Covid-19, procedimientos para la alimentaci\u00f3n dentro del establecimiento, rutinas de ingreso y salida de clases para los estudiantes, instrucciones para los recreos, rutinas de higiene y prevenci\u00f3n en la sala de clases y ba\u00f1os.<\/p>\n<p>Adem\u00e1s, estamos dise\u00f1ando un sistema de monitoreo y control de las medidas de distanciamiento f\u00edsico, prevenci\u00f3n e higiene de tal manera de brindar confianza a nuestros padres y apoderados en que el establecimiento se est\u00e1 preparando para recibir a los estudiantes bajo condiciones de protecci\u00f3n y cuidado.<\/p>\n<p>Invitamos a cada uno de nuestros padres y apoderados a ir conversando con sus hijos e hijas de esta futura situaci\u00f3n que viviremos como comunidad educativa, considerando las rutinas, horarios\u00a0 que se tienen que ir retomando en un eventual retorno de clases presenciales\u00a0 para que los ni\u00f1os y ni\u00f1as contin\u00faen sus aprendizajes de manera \u00f3ptima junto al equipo de docentes.<\/p>\n<p>Sabemos que todas las medidas consideradas pueden ir siendo modificadas de acuerdo con el contexto din\u00e1mico que estamos experimentando.<\/p>\n<p>Por lo anteriormente expresado, solicitamos a ustedes su colaboraci\u00f3n, comprensi\u00f3n y adhesi\u00f3n a las medidas adoptadas por la comunidad educativa en beneficio \u00a0de cada uno de sus integrantes.<\/p>\n<p>Agradeciendo todo el trabajo realizado por ustedes, padres y apoderados,\u00a0 deseamos que tengan\u00a0 un buen t\u00e9rmino\u00a0 de a\u00f1o.<\/p>\n<p><strong><em>La Providencia de Dios es para m\u00ed el amanecer, el atardecer y es tambi\u00e9n mi hogar\u201d.<\/em><\/strong><\/p>\n<p style=\"text-align: center;\"><strong>Madre Bernarda Morin<\/strong><\/p>\n<p>&nbsp;<\/p>\n<p style=\"text-align: center;\"><strong>Nota:<\/strong> La P\u00e1gina Web de la escuela es el medio oficial para entregar informaci\u00f3n de manera oportuna: <a href=\"http:\/\/www.laprovidenciarecoleta.cl\">www.laprovidenciarecoleta.cl<\/a><\/p>\n<p>&nbsp;<\/p>\n<p style=\"text-align: center;\"><strong>Equipo de Gesti\u00f3n<\/strong><\/p>\n","protected":false},"excerpt":{"rendered":"<p>Estimados padres y apoderados: Con el fin de mantenerles informados y transmitirles tranquilidad en el retorno a clases presenciales el a\u00f1o 2021, damos a conocer que la escuela San Jos\u00e9 se encuentra organizando medidas de cuidado y protecci\u00f3n para un retorno a clases seguro (presenciales 2021) conforme a la normativa del Ministerio de Educaci\u00f3n y el Ministerio de Salud (MINSAL).&nbsp;<a href=\"http:\/\/www.laprovidenciarecoleta.cl\/inicio\/comunicado-8\/\">&hellip;<\/a><\/p>\n","protected":false},"author":6,"featured_media":0,"comment_status":"open","ping_status":"open","sticky":false,"template":"","format":"standard","meta":{"footnotes":""},"categories":[16],"tags":[],"_links":{"self":[{"href":"http:\/\/www.laprovidenciarecoleta.cl\/inicio\/wp-json\/wp\/v2\/posts\/12123"}],"collection":[{"href":"http:\/\/www.laprovidenciarecoleta.cl\/inicio\/wp-json\/wp\/v2\/posts"}],"about":[{"href":"http:\/\/www.laprovidenciarecoleta.cl\/inicio\/wp-json\/wp\/v2\/types\/post"}],"author":[{"embeddable":true,"href":"http:\/\/www.laprovidenciarecoleta.cl\/inicio\/wp-json\/wp\/v2\/users\/6"}],"replies":[{"embeddable":true,"href":"http:\/\/www.laprovidenciarecoleta.cl\/inicio\/wp-json\/wp\/v2\/comments?post=12123"}],"version-history":[{"count":0,"href":"http:\/\/www.laprovidenciarecoleta.cl\/inicio\/wp-json\/wp\/v2\/posts\/12123\/revisions"}],"wp:attachment":[{"href":"http:\/\/www.laprovidenciarecoleta.cl\/inicio\/wp-json\/wp\/v2\/media?parent=12123"}],"wp:term":[{"taxonomy":"category","embeddable":true,"href":"http:\/\/www.laprovidenciarecoleta.cl\/inicio\/wp-json\/wp\/v2\/categories?post=12123"},{"taxonomy":"post_tag","embeddable":true,"href":"http:\/\/www.laprovidenciarecoleta.cl\/inicio\/wp-json\/wp\/v2\/tags?post=12123"}],"curies":[{"name":"wp","href":"https:\/\/api.w.org\/{rel}","templated":true}]}}