{"id":12091,"date":"2020-12-17T10:03:20","date_gmt":"2020-12-17T13:03:20","guid":{"rendered":"http:\/\/www.laprovidenciarecoleta.cl\/escuela\/?p=12091"},"modified":"2020-12-17T10:03:20","modified_gmt":"2020-12-17T13:03:20","slug":"matricula-estudiantes-nuevos-aceptados-por-sae","status":"publish","type":"post","link":"http:\/\/www.laprovidenciarecoleta.cl\/inicio\/matricula-estudiantes-nuevos-aceptados-por-sae\/","title":{"rendered":"Matr\u00edcula estudiantes nuevos aceptados por SAE"},"content":{"rendered":"<p><a href=\"http:\/\/www.laprovidenciarecoleta.cl\/inicio\/wp-content\/uploads\/2020\/12\/Matricula.jpg\"><img loading=\"lazy\" decoding=\"async\" class=\"alignnone size-full wp-image-11869\" src=\"http:\/\/www.laprovidenciarecoleta.cl\/inicio\/wp-content\/uploads\/2020\/12\/Matricula.jpg\" alt=\"\" width=\"2000\" height=\"1414\" srcset=\"http:\/\/www.laprovidenciarecoleta.cl\/inicio\/wp-content\/uploads\/2020\/12\/Matricula.jpg 2000w, http:\/\/www.laprovidenciarecoleta.cl\/inicio\/wp-content\/uploads\/2020\/12\/Matricula-300x212.jpg 300w, http:\/\/www.laprovidenciarecoleta.cl\/inicio\/wp-content\/uploads\/2020\/12\/Matricula-1024x724.jpg 1024w\" sizes=\"(max-width: 2000px) 100vw, 2000px\" \/><\/a><\/p>\n<p>&nbsp;<\/p>\n<p>El proceso de matr\u00edcula \u00a0se realizar\u00e1 entre los d\u00edas <u><b>mi\u00e9rcoles 16\u00a0 al\u00a0 martes 22 de diciembre entre las 09:30 horas\u00a0\u00a0y las 13:30 horas.<\/b><\/u><\/p>\n<p>Los documentos que debe traer son:<\/p>\n<ul>\n<li>Certificado de nacimiento.<\/li>\n<li>Certificados de promoci\u00f3n de a\u00f1os anteriores.<\/li>\n<li>Certificado de <a href=\"http:\/\/www.sistemadeadmisionescolar.cl\"><span style=\"color: #333399;\">sistemadeadmisionescolar.cl<\/span><\/a>\u00a0 acreditando\u00a0 que el estudiante qued\u00f3 en la escuela.<\/li>\n<\/ul>\n","protected":false},"excerpt":{"rendered":"<p>&nbsp; El proceso de matr\u00edcula \u00a0se realizar\u00e1 entre los d\u00edas mi\u00e9rcoles 16\u00a0 al\u00a0 martes 22 de diciembre entre las 09:30 horas\u00a0\u00a0y las 13:30 horas. Los documentos que debe traer son: Certificado de nacimiento. Certificados de promoci\u00f3n de a\u00f1os anteriores. Certificado de sistemadeadmisionescolar.cl\u00a0 acreditando\u00a0 que el estudiante qued\u00f3 en la escuela.<\/p>\n","protected":false},"author":6,"featured_media":12093,"comment_status":"open","ping_status":"open","sticky":false,"template":"","format":"standard","meta":{"footnotes":""},"categories":[16],"tags":[],"_links":{"self":[{"href":"http:\/\/www.laprovidenciarecoleta.cl\/inicio\/wp-json\/wp\/v2\/posts\/12091"}],"collection":[{"href":"http:\/\/www.laprovidenciarecoleta.cl\/inicio\/wp-json\/wp\/v2\/posts"}],"about":[{"href":"http:\/\/www.laprovidenciarecoleta.cl\/inicio\/wp-json\/wp\/v2\/types\/post"}],"author":[{"embeddable":true,"href":"http:\/\/www.laprovidenciarecoleta.cl\/inicio\/wp-json\/wp\/v2\/users\/6"}],"replies":[{"embeddable":true,"href":"http:\/\/www.laprovidenciarecoleta.cl\/inicio\/wp-json\/wp\/v2\/comments?post=12091"}],"version-history":[{"count":0,"href":"http:\/\/www.laprovidenciarecoleta.cl\/inicio\/wp-json\/wp\/v2\/posts\/12091\/revisions"}],"wp:featuredmedia":[{"embeddable":true,"href":"http:\/\/www.laprovidenciarecoleta.cl\/inicio\/wp-json\/wp\/v2\/media\/12093"}],"wp:attachment":[{"href":"http:\/\/www.laprovidenciarecoleta.cl\/inicio\/wp-json\/wp\/v2\/media?parent=12091"}],"wp:term":[{"taxonomy":"category","embeddable":true,"href":"http:\/\/www.laprovidenciarecoleta.cl\/inicio\/wp-json\/wp\/v2\/categories?post=12091"},{"taxonomy":"post_tag","embeddable":true,"href":"http:\/\/www.laprovidenciarecoleta.cl\/inicio\/wp-json\/wp\/v2\/tags?post=12091"}],"curies":[{"name":"wp","href":"https:\/\/api.w.org\/{rel}","templated":true}]}}