{"id":11992,"date":"2020-12-12T14:34:08","date_gmt":"2020-12-12T17:34:08","guid":{"rendered":"http:\/\/www.laprovidenciarecoleta.cl\/escuela\/?p=11992"},"modified":"2020-12-12T14:34:08","modified_gmt":"2020-12-12T17:34:08","slug":"informativo-matricula-en-linea","status":"publish","type":"post","link":"http:\/\/www.laprovidenciarecoleta.cl\/inicio\/informativo-matricula-en-linea\/","title":{"rendered":"Informativo : matr\u00edcula en l\u00ednea"},"content":{"rendered":"<p><a href=\"http:\/\/www.laprovidenciarecoleta.cl\/inicio\/wp-content\/uploads\/2020\/12\/Diagnosticos-Del-Valle-1.jpg\"><img loading=\"lazy\" decoding=\"async\" class=\"alignnone size-full wp-image-11993\" src=\"http:\/\/www.laprovidenciarecoleta.cl\/inicio\/wp-content\/uploads\/2020\/12\/Diagnosticos-Del-Valle-1.jpg\" alt=\"\" width=\"2000\" height=\"1545\" srcset=\"http:\/\/www.laprovidenciarecoleta.cl\/inicio\/wp-content\/uploads\/2020\/12\/Diagnosticos-Del-Valle-1.jpg 2000w, http:\/\/www.laprovidenciarecoleta.cl\/inicio\/wp-content\/uploads\/2020\/12\/Diagnosticos-Del-Valle-1-300x232.jpg 300w, http:\/\/www.laprovidenciarecoleta.cl\/inicio\/wp-content\/uploads\/2020\/12\/Diagnosticos-Del-Valle-1-1024x791.jpg 1024w\" sizes=\"(max-width: 2000px) 100vw, 2000px\" \/><\/a><\/p>\n<p><!--more--><\/p>\n<p><strong>Estimados Padres y Apoderados:<\/strong><\/p>\n<p>Esperando se encuentren bien, les informo acerca del proceso de matr\u00edcula 2021.<\/p>\n<p>Dicho proceso de matr\u00edcula de los estudiantes que actualmente se encuentran cursando sus estudios en nuestra escuela San Jos\u00e9 , se realizar\u00e1 entre los d\u00edas <strong>14 hasta el 22 de Diciembre de 2020,<\/strong> bajo la modalidad de <strong>\u201cMatr\u00edcula en l\u00ednea\u201d<\/strong>, a trav\u00e9s de la p\u00e1gina de la escuela\u00a0 <em><strong>\u2033<span style=\"color: #333399;\"><a style=\"color: #333399;\" href=\"http:\/\/www.laprovidenciarecoleta.cl\/escuela\/matricula-2020\/\" target=\"_blank\" rel=\"noopener noreferrer\">Matr\u00edcula 2021<\/a><\/span> \u2033<\/strong><\/em>\u00a0 \u00a0y los d\u00edas <strong>21 y 22<\/strong> <strong>de Diciembre de 2020<\/strong> s\u00f3lo para casos excepcionales que no tienen acceso a modalidad online, se realizar\u00e1 bajo la modalidad de <strong>\u201cMatr\u00edcula Presencial\u201d <\/strong>entre las <strong>09:00 y las 13:00 hrs.<\/strong><\/p>\n<p><strong>\u00a0<\/strong><\/p>\n<p>Por favor, tomen conocimiento de las siguientes informaciones:<\/p>\n<ol>\n<li>Para acceder al documento de matr\u00edcula en la p\u00e1gina, debe ingresar a la pesta\u00f1a MATRICULA 2021, le pedir\u00e1 la misma clave que usa para acceder a Aprendizaje Remoto.<\/li>\n<\/ol>\n<p>&nbsp;<\/p>\n<ol start=\"2\">\n<li>La persona que llene el documento de matr\u00edcula debe ser el apoderado del estudiante.<\/li>\n<\/ol>\n<p>&nbsp;<\/p>\n<p><strong>NOTA IMPORTANTE: <\/strong><em>Las familias que no realicen el tr\u00e1mite de matr\u00edcula en las fechas indicadas, se entender\u00e1 que dejan la vacante disponible.<\/em><\/p>\n<p>&nbsp;<\/p>\n<p>Atentamente,<\/p>\n<p style=\"text-align: center;\">Equipo de Gesti\u00f3n<\/p>\n<p style=\"text-align: center;\">Escuela San Jos\u00e9<\/p>\n","protected":false},"excerpt":{"rendered":"Estimados Padres y Apoderados: Esperando se encuentren bien, les informo acerca del proceso de matr\u00edcula 2021. Dicho proceso de matr\u00edcula de los estudiantes que actualmente se encuentran cursando sus estudios en nuestra escuela San Jos\u00e9 , se realizar\u00e1 entre los d\u00edas 14 hasta el 22 de Diciembre de 2020, bajo la modalidad de \u201cMatr\u00edcula en l\u00ednea\u201d, a trav\u00e9s de la&nbsp;<a href=\"http:\/\/www.laprovidenciarecoleta.cl\/inicio\/informativo-matricula-en-linea\/\">&hellip;<\/a>","protected":false},"author":6,"featured_media":0,"comment_status":"open","ping_status":"open","sticky":false,"template":"","format":"standard","meta":{"footnotes":""},"categories":[16],"tags":[],"_links":{"self":[{"href":"http:\/\/www.laprovidenciarecoleta.cl\/inicio\/wp-json\/wp\/v2\/posts\/11992"}],"collection":[{"href":"http:\/\/www.laprovidenciarecoleta.cl\/inicio\/wp-json\/wp\/v2\/posts"}],"about":[{"href":"http:\/\/www.laprovidenciarecoleta.cl\/inicio\/wp-json\/wp\/v2\/types\/post"}],"author":[{"embeddable":true,"href":"http:\/\/www.laprovidenciarecoleta.cl\/inicio\/wp-json\/wp\/v2\/users\/6"}],"replies":[{"embeddable":true,"href":"http:\/\/www.laprovidenciarecoleta.cl\/inicio\/wp-json\/wp\/v2\/comments?post=11992"}],"version-history":[{"count":0,"href":"http:\/\/www.laprovidenciarecoleta.cl\/inicio\/wp-json\/wp\/v2\/posts\/11992\/revisions"}],"wp:attachment":[{"href":"http:\/\/www.laprovidenciarecoleta.cl\/inicio\/wp-json\/wp\/v2\/media?parent=11992"}],"wp:term":[{"taxonomy":"category","embeddable":true,"href":"http:\/\/www.laprovidenciarecoleta.cl\/inicio\/wp-json\/wp\/v2\/categories?post=11992"},{"taxonomy":"post_tag","embeddable":true,"href":"http:\/\/www.laprovidenciarecoleta.cl\/inicio\/wp-json\/wp\/v2\/tags?post=11992"}],"curies":[{"name":"wp","href":"https:\/\/api.w.org\/{rel}","templated":true}]}}