{"id":11979,"date":"2020-12-12T13:25:46","date_gmt":"2020-12-12T16:25:46","guid":{"rendered":"http:\/\/www.laprovidenciarecoleta.cl\/escuela\/?p=11979"},"modified":"2020-12-12T13:25:46","modified_gmt":"2020-12-12T16:25:46","slug":"14-al-17-de-diciembre-aplicacion-de-pruebas-externas","status":"publish","type":"post","link":"http:\/\/www.laprovidenciarecoleta.cl\/inicio\/14-al-17-de-diciembre-aplicacion-de-pruebas-externas\/","title":{"rendered":"14 al 17 de diciembre:  aplicaci\u00f3n de  Pruebas Externas"},"content":{"rendered":"<p><a href=\"http:\/\/www.laprovidenciarecoleta.cl\/inicio\/wp-content\/uploads\/2020\/12\/AFICHE-MEDICIONES-EXTERNAS-1_page-0001.jpg\"><img loading=\"lazy\" decoding=\"async\" class=\"alignnone size-full wp-image-11980\" src=\"http:\/\/www.laprovidenciarecoleta.cl\/inicio\/wp-content\/uploads\/2020\/12\/AFICHE-MEDICIONES-EXTERNAS-1_page-0001.jpg\" alt=\"\" width=\"2100\" height=\"1275\" srcset=\"http:\/\/www.laprovidenciarecoleta.cl\/inicio\/wp-content\/uploads\/2020\/12\/AFICHE-MEDICIONES-EXTERNAS-1_page-0001.jpg 2100w, http:\/\/www.laprovidenciarecoleta.cl\/inicio\/wp-content\/uploads\/2020\/12\/AFICHE-MEDICIONES-EXTERNAS-1_page-0001-300x182.jpg 300w, http:\/\/www.laprovidenciarecoleta.cl\/inicio\/wp-content\/uploads\/2020\/12\/AFICHE-MEDICIONES-EXTERNAS-1_page-0001-1024x622.jpg 1024w\" sizes=\"(max-width: 2100px) 100vw, 2100px\" \/><\/a><\/p>\n<div dir=\"auto\">Estimados\/as\u00a0 \u00a0estudiantes y apoderados , recordamos que desde el lunes 14 al jueves 17 se realizar\u00e1n las pruebas APTUS<\/div>\n<p><!--more--><\/p>\n<div dir=\"auto\">\n<div><strong>a)<\/strong> Las pruebas son NOMINATIVAS, es decir cada estudiante tiene su propio instrumento, por lo que NO pueden compartir link , porque estar\u00e1 haciendo la evaluaci\u00f3n de otro compa\u00f1ero.<\/div>\n<div><\/div>\n<div><b>b)<\/b> Las <strong>pruebas son diarias<\/strong> y estar\u00e1n disponibles de 08.00 a 19:00 horas.<\/div>\n<div><\/div>\n<div><b>c)\u00a0<\/b>Los estudiantes contar\u00e1n con 120 minutos, que puede distribuirlos durante el d\u00eda de la aplicaci\u00f3n, dado que el TIEMPO SE DETIENE y retoma desde donde el estudiante dej\u00f3 su prueba.<\/div>\n<div><\/div>\n<div><b>d)<\/b> El d\u00eda anterior a la aplicaci\u00f3n, los estudiantes recibir\u00e1n en su <strong>correo institucional<\/strong>\u00a0 el\u00a0 aviso de la prueba a rendir el d\u00eda siguiente.<\/div>\n<div><\/div>\n<div><b>e) <\/b>El objetivo de estas\u00a0pruebas es contar con una medici\u00f3n externa que entregue datos del aprendizaje logrado, para as\u00ed proyectar el trabajo 2021, por esto la importancia de que todos los estudiantes rindan la evaluaci\u00f3n con compromiso, honestidad y tranquilidad.<\/div>\n<\/div>\n<div><\/div>\n<div>Calendario de rendici\u00f3n de evaluaciones<\/div>\n<ul>\n<li>lunes 14\u00a0 \u00a0 \u00a0 \u00a0 \u00a0 \u00a0 \u00a0Lenguaje<\/li>\n<li>Martes 15\u00a0 \u00a0 \u00a0 \u00a0 \u00a0 \u00a0Matem\u00e1tica<\/li>\n<li>Mi\u00e9rcoles 16\u00a0 \u00a0 \u00a0Historia<\/li>\n<li>Jueves 17\u00a0 \u00a0 \u00a0 \u00a0 \u00a0 \u00a0Ciencias Naturales<\/li>\n<\/ul>\n<p>&nbsp;<\/p>\n<p>Video Explicativo para\u00a0 realizar las\u00a0 evaluaciones:<\/p>\n<p><iframe loading=\"lazy\" title=\"Evaluaciones en l\u00ednea Aptus\" width=\"1200\" height=\"675\" src=\"https:\/\/www.youtube.com\/embed\/xkiNJXojA5E?feature=oembed\" frameborder=\"0\" allow=\"accelerometer; autoplay; clipboard-write; encrypted-media; gyroscope; picture-in-picture\" allowfullscreen><\/iframe><\/p>\n","protected":false},"excerpt":{"rendered":"<p>Estimados\/as\u00a0 \u00a0estudiantes y apoderados , recordamos que desde el lunes 14 al jueves 17 se realizar\u00e1n las pruebas APTUS<\/p>\n","protected":false},"author":6,"featured_media":0,"comment_status":"open","ping_status":"open","sticky":false,"template":"","format":"standard","meta":{"footnotes":""},"categories":[16],"tags":[],"_links":{"self":[{"href":"http:\/\/www.laprovidenciarecoleta.cl\/inicio\/wp-json\/wp\/v2\/posts\/11979"}],"collection":[{"href":"http:\/\/www.laprovidenciarecoleta.cl\/inicio\/wp-json\/wp\/v2\/posts"}],"about":[{"href":"http:\/\/www.laprovidenciarecoleta.cl\/inicio\/wp-json\/wp\/v2\/types\/post"}],"author":[{"embeddable":true,"href":"http:\/\/www.laprovidenciarecoleta.cl\/inicio\/wp-json\/wp\/v2\/users\/6"}],"replies":[{"embeddable":true,"href":"http:\/\/www.laprovidenciarecoleta.cl\/inicio\/wp-json\/wp\/v2\/comments?post=11979"}],"version-history":[{"count":0,"href":"http:\/\/www.laprovidenciarecoleta.cl\/inicio\/wp-json\/wp\/v2\/posts\/11979\/revisions"}],"wp:attachment":[{"href":"http:\/\/www.laprovidenciarecoleta.cl\/inicio\/wp-json\/wp\/v2\/media?parent=11979"}],"wp:term":[{"taxonomy":"category","embeddable":true,"href":"http:\/\/www.laprovidenciarecoleta.cl\/inicio\/wp-json\/wp\/v2\/categories?post=11979"},{"taxonomy":"post_tag","embeddable":true,"href":"http:\/\/www.laprovidenciarecoleta.cl\/inicio\/wp-json\/wp\/v2\/tags?post=11979"}],"curies":[{"name":"wp","href":"https:\/\/api.w.org\/{rel}","templated":true}]}}