{"id":11875,"date":"2020-12-02T15:54:54","date_gmt":"2020-12-02T18:54:54","guid":{"rendered":"http:\/\/www.laprovidenciarecoleta.cl\/escuela\/?p=11875"},"modified":"2020-12-02T15:54:54","modified_gmt":"2020-12-02T18:54:54","slug":"finalizamos-el-diagnostico-integral-de-necesidades-educativas-especiales","status":"publish","type":"post","link":"http:\/\/www.laprovidenciarecoleta.cl\/inicio\/finalizamos-el-diagnostico-integral-de-necesidades-educativas-especiales\/","title":{"rendered":"Finalizamos el diagn\u00f3stico integral de necesidades educativas especiales"},"content":{"rendered":"<p><a href=\"http:\/\/www.laprovidenciarecoleta.cl\/inicio\/wp-content\/uploads\/2020\/12\/Presentacion1.jpg\"><img loading=\"lazy\" decoding=\"async\" class=\"aligncenter wp-image-11876 size-full\" src=\"http:\/\/www.laprovidenciarecoleta.cl\/inicio\/wp-content\/uploads\/2020\/12\/Presentacion1.jpg\" alt=\"\" width=\"1280\" height=\"720\" srcset=\"http:\/\/www.laprovidenciarecoleta.cl\/inicio\/wp-content\/uploads\/2020\/12\/Presentacion1.jpg 1280w, http:\/\/www.laprovidenciarecoleta.cl\/inicio\/wp-content\/uploads\/2020\/12\/Presentacion1-300x169.jpg 300w, http:\/\/www.laprovidenciarecoleta.cl\/inicio\/wp-content\/uploads\/2020\/12\/Presentacion1-1024x576.jpg 1024w\" sizes=\"(max-width: 1280px) 100vw, 1280px\" \/><\/a><\/p>\n<p><strong>Estimados\u00a0 padres y apoderados del Programa de Inclusi\u00f3n Escolar(PIE):<\/strong><!--more--><\/p>\n<p>Hoy queremos dirigirnos a ustedes para informar que el proceso\u00a0 de evaluaci\u00f3n\u00a0 de manera presencial en la Escuela San Jos\u00e9 de Recoleta\u00a0 de estudiantes, \u00a0iniciado el martes 13 de octubre ha finalizado el d\u00eda 30 de Noviembre.<\/p>\n<p>Los resultados de las evaluaciones se dar\u00e1n a conocer de manera individualizada, con cada familia, respondiendo al car\u00e1cter de confiablidad de la informaci\u00f3n.\u00a0\u00a0 Este proceso de contacto a la familia ser\u00e1 entre el <strong><u>\u00a0d\u00eda\u00a0 02 \u00a0de diciembre hasta el 14\u00a0 de diciembre.\u00a0 <\/u><\/strong><\/p>\n<p>Finalmente queremos agradecer y valorar el esfuerzo, compromiso y disposici\u00f3n de cada uno de ustedes, que nos permiti\u00f3 \u00a0llevar a cabo este proceso con \u00e9xito. Donde la colaboraci\u00f3n mutua, entre familia y escuela nos permiti\u00f3 poder evaluar \u00a0a 132 estudiantes, recogiendo informaci\u00f3n valiosa que va permitir que sus hijos e hijas reciban los apoyos adecuados de acuerdo a las necesidades que presentan.<\/p>\n<p>Les saluda atentamente,<\/p>\n<p style=\"text-align: center;\"><strong>Equipo de Inclusi\u00f3n Escolar<\/strong><\/p>\n","protected":false},"excerpt":{"rendered":"<p>Estimados\u00a0 padres y apoderados del Programa de Inclusi\u00f3n Escolar(PIE):<\/p>\n","protected":false},"author":6,"featured_media":11876,"comment_status":"open","ping_status":"open","sticky":false,"template":"","format":"standard","meta":{"footnotes":""},"categories":[16],"tags":[],"_links":{"self":[{"href":"http:\/\/www.laprovidenciarecoleta.cl\/inicio\/wp-json\/wp\/v2\/posts\/11875"}],"collection":[{"href":"http:\/\/www.laprovidenciarecoleta.cl\/inicio\/wp-json\/wp\/v2\/posts"}],"about":[{"href":"http:\/\/www.laprovidenciarecoleta.cl\/inicio\/wp-json\/wp\/v2\/types\/post"}],"author":[{"embeddable":true,"href":"http:\/\/www.laprovidenciarecoleta.cl\/inicio\/wp-json\/wp\/v2\/users\/6"}],"replies":[{"embeddable":true,"href":"http:\/\/www.laprovidenciarecoleta.cl\/inicio\/wp-json\/wp\/v2\/comments?post=11875"}],"version-history":[{"count":0,"href":"http:\/\/www.laprovidenciarecoleta.cl\/inicio\/wp-json\/wp\/v2\/posts\/11875\/revisions"}],"wp:featuredmedia":[{"embeddable":true,"href":"http:\/\/www.laprovidenciarecoleta.cl\/inicio\/wp-json\/wp\/v2\/media\/11876"}],"wp:attachment":[{"href":"http:\/\/www.laprovidenciarecoleta.cl\/inicio\/wp-json\/wp\/v2\/media?parent=11875"}],"wp:term":[{"taxonomy":"category","embeddable":true,"href":"http:\/\/www.laprovidenciarecoleta.cl\/inicio\/wp-json\/wp\/v2\/categories?post=11875"},{"taxonomy":"post_tag","embeddable":true,"href":"http:\/\/www.laprovidenciarecoleta.cl\/inicio\/wp-json\/wp\/v2\/tags?post=11875"}],"curies":[{"name":"wp","href":"https:\/\/api.w.org\/{rel}","templated":true}]}}