{"id":11868,"date":"2020-12-02T13:28:35","date_gmt":"2020-12-02T16:28:35","guid":{"rendered":"http:\/\/www.laprovidenciarecoleta.cl\/escuela\/?p=11868"},"modified":"2020-12-02T13:28:35","modified_gmt":"2020-12-02T16:28:35","slug":"fecha-de-matricula-estudiantes-nuevos-aceptados-por-sae","status":"publish","type":"post","link":"http:\/\/www.laprovidenciarecoleta.cl\/inicio\/fecha-de-matricula-estudiantes-nuevos-aceptados-por-sae\/","title":{"rendered":"Fecha de Matr\u00edcula Estudiantes nuevos aceptados por SAE"},"content":{"rendered":"<p><a href=\"http:\/\/www.laprovidenciarecoleta.cl\/inicio\/wp-content\/uploads\/2020\/12\/Matricula.jpg\"><img loading=\"lazy\" decoding=\"async\" class=\"alignnone size-full wp-image-11869\" src=\"http:\/\/www.laprovidenciarecoleta.cl\/inicio\/wp-content\/uploads\/2020\/12\/Matricula.jpg\" alt=\"\" width=\"2000\" height=\"1414\" srcset=\"http:\/\/www.laprovidenciarecoleta.cl\/inicio\/wp-content\/uploads\/2020\/12\/Matricula.jpg 2000w, http:\/\/www.laprovidenciarecoleta.cl\/inicio\/wp-content\/uploads\/2020\/12\/Matricula-300x212.jpg 300w, http:\/\/www.laprovidenciarecoleta.cl\/inicio\/wp-content\/uploads\/2020\/12\/Matricula-1024x724.jpg 1024w\" sizes=\"(max-width: 2000px) 100vw, 2000px\" \/><\/a><\/p>\n<p>Estimados Apoderados, les informamos que debido a la contingencia sanitaria se ha hecho necesario modificar \u00a0la fecha de matr\u00edcula de los\u00a0 estudiantes\u00a0 \u00a0nuevos aceptados por SAE para el a\u00f1o 2021, esto por resoluci\u00f3n exenta n\u00b04949\u00a0 del Mineduc.<\/p>\n<p>El proceso de matr\u00edcula \u00a0se realizar\u00e1 entre los d\u00edas <u><b>mi\u00e9rcoles 16\u00a0 al\u00a0 martes 22 de diciembre entre las 09:30 horas\u00a0\u00a0y las 13:30 horas.<\/b><\/u><\/p>\n<p>Los documentos que debe traer son:<\/p>\n<ul>\n<li>Certificado de nacimiento.<\/li>\n<li>Certificados de promoci\u00f3n de a\u00f1os anteriores.<\/li>\n<li>Certificado de <a href=\"http:\/\/www.sistemadeadmisionescolar.cl\"><span style=\"color: #333399;\">sistemadeadmisionescolar.cl<\/span><\/a>\u00a0 acreditando\u00a0 que el estudiante qued\u00f3 en la escuela.<\/li>\n<\/ul>\n<p>&nbsp;<\/p>\n<hr \/>\n<p><strong>La Matr\u00edcula de\u00a0 estudiantes antiguos\u00a0 se realizar\u00e1 online.<\/strong><\/p>\n<p>Se enviar\u00e1 oportunamente la informaci\u00f3n con las especificaciones del proceso.<\/p>\n<p>&nbsp;<\/p>\n<p>Agradecidos de la atenci\u00f3n brindada a esta comunicaci\u00f3n, nos despedimos con un abrazo fraterno.<\/p>\n<p>&nbsp;<\/p>\n<p style=\"text-align: center;\">Equipo de Gesti\u00f3n.<\/p>\n<p style=\"text-align: center;\">Escuela San Jos\u00e9<\/p>\n","protected":false},"excerpt":{"rendered":"<p>Estimados Apoderados, les informamos que debido a la contingencia sanitaria se ha hecho necesario modificar \u00a0la fecha de matr\u00edcula de los\u00a0 estudiantes\u00a0 \u00a0nuevos aceptados por SAE para el a\u00f1o 2021, esto por resoluci\u00f3n exenta n\u00b04949\u00a0 del Mineduc. El proceso de matr\u00edcula \u00a0se realizar\u00e1 entre los d\u00edas mi\u00e9rcoles 16\u00a0 al\u00a0 martes 22 de diciembre entre las 09:30 horas\u00a0\u00a0y las 13:30 horas.&nbsp;<a href=\"http:\/\/www.laprovidenciarecoleta.cl\/inicio\/fecha-de-matricula-estudiantes-nuevos-aceptados-por-sae\/\">&hellip;<\/a><\/p>\n","protected":false},"author":6,"featured_media":0,"comment_status":"open","ping_status":"open","sticky":false,"template":"","format":"standard","meta":{"footnotes":""},"categories":[16],"tags":[],"_links":{"self":[{"href":"http:\/\/www.laprovidenciarecoleta.cl\/inicio\/wp-json\/wp\/v2\/posts\/11868"}],"collection":[{"href":"http:\/\/www.laprovidenciarecoleta.cl\/inicio\/wp-json\/wp\/v2\/posts"}],"about":[{"href":"http:\/\/www.laprovidenciarecoleta.cl\/inicio\/wp-json\/wp\/v2\/types\/post"}],"author":[{"embeddable":true,"href":"http:\/\/www.laprovidenciarecoleta.cl\/inicio\/wp-json\/wp\/v2\/users\/6"}],"replies":[{"embeddable":true,"href":"http:\/\/www.laprovidenciarecoleta.cl\/inicio\/wp-json\/wp\/v2\/comments?post=11868"}],"version-history":[{"count":0,"href":"http:\/\/www.laprovidenciarecoleta.cl\/inicio\/wp-json\/wp\/v2\/posts\/11868\/revisions"}],"wp:attachment":[{"href":"http:\/\/www.laprovidenciarecoleta.cl\/inicio\/wp-json\/wp\/v2\/media?parent=11868"}],"wp:term":[{"taxonomy":"category","embeddable":true,"href":"http:\/\/www.laprovidenciarecoleta.cl\/inicio\/wp-json\/wp\/v2\/categories?post=11868"},{"taxonomy":"post_tag","embeddable":true,"href":"http:\/\/www.laprovidenciarecoleta.cl\/inicio\/wp-json\/wp\/v2\/tags?post=11868"}],"curies":[{"name":"wp","href":"https:\/\/api.w.org\/{rel}","templated":true}]}}