{"id":11848,"date":"2020-12-01T16:19:15","date_gmt":"2020-12-01T19:19:15","guid":{"rendered":"http:\/\/www.laprovidenciarecoleta.cl\/escuela\/?p=11848"},"modified":"2020-12-01T16:19:15","modified_gmt":"2020-12-01T19:19:15","slug":"solo-queda-agradecer","status":"publish","type":"post","link":"http:\/\/www.laprovidenciarecoleta.cl\/inicio\/solo-queda-agradecer\/","title":{"rendered":"\u201c\u2026S\u00f3lo queda Agradecer\u2026\u201d"},"content":{"rendered":"<p><a href=\"http:\/\/www.laprovidenciarecoleta.cl\/inicio\/wp-content\/uploads\/2020\/12\/agracecer-por-todo.jpg\"><img loading=\"lazy\" decoding=\"async\" class=\"alignnone size-full wp-image-11849\" src=\"http:\/\/www.laprovidenciarecoleta.cl\/inicio\/wp-content\/uploads\/2020\/12\/agracecer-por-todo.jpg\" alt=\"\" width=\"1280\" height=\"720\" srcset=\"http:\/\/www.laprovidenciarecoleta.cl\/inicio\/wp-content\/uploads\/2020\/12\/agracecer-por-todo.jpg 1280w, http:\/\/www.laprovidenciarecoleta.cl\/inicio\/wp-content\/uploads\/2020\/12\/agracecer-por-todo-300x169.jpg 300w, http:\/\/www.laprovidenciarecoleta.cl\/inicio\/wp-content\/uploads\/2020\/12\/agracecer-por-todo-1024x576.jpg 1024w\" sizes=\"(max-width: 1280px) 100vw, 1280px\" \/><\/a><\/p>\n<p>\u2026Agradecer \u00bfQu\u00e9 o a qui\u00e9n?:<\/p>\n<p>Agradecer a este a\u00f1o, por las buenas y las malas experiencias, a Dios, a la familia, a los amigos y conocidos, a nosotros mismos, a la comunidad educativa, a los docentes, a los apoderados, a los estudiantes, a la pandemia, etc&#8230;\u00a0 \u00bfPor qu\u00e9 debemos agradecerles?, porque sin duda alguna, este a\u00f1o ha sido un per\u00edodo, para muchas personas, de crecimiento personal, de nuevos aprendizajes, de descubrimiento de nuevas fortalezas personales y tambi\u00e9n, por qu\u00e9 no decirlo; de cosas negativas, las cuales tambi\u00e9n son importantes de agradecer; de las crisis, de lo malo, de lo dif\u00edcil, es donde m\u00e1s los seres humanos aprendemos y nos fortalecemos, por eso agradezcamos todo lo ocurrido en nuestras vidas este a\u00f1o.<\/p>\n<p>Si no hubiera sido una pandemia, \u00bfQu\u00e9 otra cosa o situaci\u00f3n, piensa usted, nos hubiera hecho detenernos un tiempo tan prolongado como \u00e9ste?; tiempo que hemos tenido para pensar, analizar, reflexionar, tomar nuevas decisiones, conocernos y reconocernos, etc.., en lo personal pienso que nada m\u00e1s que una pandemia; por eso, agradezco, a pesar de todo, vivir esta experiencia. Adem\u00e1s, quiero agradecerles a ustedes, apoderados de la Escuela San Jos\u00e9, quienes estuvieron d\u00eda a d\u00eda apoyando a sus hijos, no s\u00f3lo en los asuntos acad\u00e9micos, sino que en lo emocional y en otras \u00e1reas; y para los que este a\u00f1o les cost\u00f3 un poco m\u00e1s hacerlo, les deseo que el pr\u00f3ximo a\u00f1o tomen todas sus fuerzas y logren apoyar a sus hijos de una mejor manera, siempre se puede hacer un mayor esfuerzo.<\/p>\n<p>Finalmente la invitaci\u00f3n es a seguir agradeciendo; si usted no lo ha hecho durante este per\u00edodo, comience a hacerlo, piense en las cosas que puede agradecer y ense\u00f1e a sus hijos a hacerlo, observar\u00e1 lo bien que se siente practicar el agradecimiento y ver\u00e1 c\u00f3mo le cambiar\u00e1 la visi\u00f3n de las cosas y de las situaciones, hacia una direcci\u00f3n m\u00e1s positiva.<\/p>\n<p><em>Y usted hoy, \u00bfQu\u00e9 o a qui\u00e9n va a agradecer?<\/em><\/p>\n<p><a href=\"http:\/\/www.laprovidenciarecoleta.cl\/inicio\/wp-content\/uploads\/2020\/12\/dar-gracias.jpg\"><img loading=\"lazy\" decoding=\"async\" class=\"size-full wp-image-11850 aligncenter\" src=\"http:\/\/www.laprovidenciarecoleta.cl\/inicio\/wp-content\/uploads\/2020\/12\/dar-gracias.jpg\" alt=\"\" width=\"227\" height=\"222\" \/><\/a><\/p>\n<p style=\"text-align: center;\"><em>Isabel Hadad R.<\/em><\/p>\n<p style=\"text-align: center;\"><em>Psic\u00f3loga<\/em><\/p>\n<p style=\"text-align: center;\"><em>Escuela San Jos\u00e9<\/em><\/p>\n<p style=\"text-align: center;\"><em>psicologia@laprovidenciarecoleta.cl<\/em><\/p>\n","protected":false},"excerpt":{"rendered":"<p>\u2026Agradecer \u00bfQu\u00e9 o a qui\u00e9n?: Agradecer a este a\u00f1o, por las buenas y las malas experiencias, a Dios, a la familia, a los amigos y conocidos, a nosotros mismos, a la comunidad educativa, a los docentes, a los apoderados, a los estudiantes, a la pandemia, etc&#8230;\u00a0 \u00bfPor qu\u00e9 debemos agradecerles?, porque sin duda alguna, este a\u00f1o ha sido un per\u00edodo,&nbsp;<a href=\"http:\/\/www.laprovidenciarecoleta.cl\/inicio\/solo-queda-agradecer\/\">&hellip;<\/a><\/p>\n","protected":false},"author":6,"featured_media":0,"comment_status":"open","ping_status":"open","sticky":false,"template":"","format":"standard","meta":{"footnotes":""},"categories":[16],"tags":[],"_links":{"self":[{"href":"http:\/\/www.laprovidenciarecoleta.cl\/inicio\/wp-json\/wp\/v2\/posts\/11848"}],"collection":[{"href":"http:\/\/www.laprovidenciarecoleta.cl\/inicio\/wp-json\/wp\/v2\/posts"}],"about":[{"href":"http:\/\/www.laprovidenciarecoleta.cl\/inicio\/wp-json\/wp\/v2\/types\/post"}],"author":[{"embeddable":true,"href":"http:\/\/www.laprovidenciarecoleta.cl\/inicio\/wp-json\/wp\/v2\/users\/6"}],"replies":[{"embeddable":true,"href":"http:\/\/www.laprovidenciarecoleta.cl\/inicio\/wp-json\/wp\/v2\/comments?post=11848"}],"version-history":[{"count":0,"href":"http:\/\/www.laprovidenciarecoleta.cl\/inicio\/wp-json\/wp\/v2\/posts\/11848\/revisions"}],"wp:attachment":[{"href":"http:\/\/www.laprovidenciarecoleta.cl\/inicio\/wp-json\/wp\/v2\/media?parent=11848"}],"wp:term":[{"taxonomy":"category","embeddable":true,"href":"http:\/\/www.laprovidenciarecoleta.cl\/inicio\/wp-json\/wp\/v2\/categories?post=11848"},{"taxonomy":"post_tag","embeddable":true,"href":"http:\/\/www.laprovidenciarecoleta.cl\/inicio\/wp-json\/wp\/v2\/tags?post=11848"}],"curies":[{"name":"wp","href":"https:\/\/api.w.org\/{rel}","templated":true}]}}